{"id":1074,"date":"2026-04-21T13:31:27","date_gmt":"2026-04-21T11:31:27","guid":{"rendered":"https:\/\/souverainete-suisse.ch\/?p=1074"},"modified":"2026-04-28T14:44:04","modified_gmt":"2026-04-28T12:44:04","slug":"das-migrationschaos-beenden-und-die-souveranitat-wiederherstellen-die-klare-diagnose-von-stephan-rietiker","status":"publish","type":"post","link":"http:\/\/souverainete-suisse.ch\/de\/2026\/04\/das-migrationschaos-beenden-und-die-souveranitat-wiederherstellen-die-klare-diagnose-von-stephan-rietiker\/","title":{"rendered":"\ud83c\udde8\ud83c\udded Ein Ende des Migrationschaos und die Wiederherstellung der Souver\u00e4nit\u00e4t: Stephan Rietikers klare Diagnose"},"content":{"rendered":"<p>Zwischen unerf\u00fcllten Versprechen und einer explosiven Realit\u00e4t zeichnet sich die Migrationsfrage als Bruchpunkt des Schweizer Modells ab. In diesem Interview findet Pro Suisse Worte f\u00fcr ein weit verbreitetes Unbehagen: Kontrollverlust, Druck auf die Infrastrukturen und institutionelle Abweichung. Die Initiative \u00abNein zu 10 Millionen Schweizern\u00bb am 14. Juni k\u00f6nnte somit gut der erste Sargnagel f\u00fcr das EU-Abkommen der Unterwerfung sein, das nichts anderes ist als ein schleichender Beitritt durch Recht und Normen.<\/p>\n<p id=\"ember3463\" class=\"ember-view reader-text-block__paragraph\"><strong>Quelle:<\/strong> Interview mit Stephan Rietiker in <em>24 Stunden<\/em><\/p>\n<h3 id=\"ember3464\" class=\"ember-view reader-text-block__heading-3\">Eine unbestreitbare Erkenntnis: Eine Migrationskontrolle, die aus dem Ruder l\u00e4uft<\/h3>\n<p id=\"ember3465\" class=\"ember-view reader-text-block__paragraph\">Stephan Rietikers Analyse beruht auf einer Tatsache, die immer mehr Schweizerinnen und Schweizer konkret feststellen: <strong>Das schnelle Bev\u00f6lkerungswachstum \u00fcbt einen direkten Druck auf das Land aus<\/strong>.<\/p>\n<p id=\"ember3466\" class=\"ember-view reader-text-block__paragraph\">Seit 2000 hat die Schweiz fast <strong>2 Millionen Einwohner<\/strong>, eine beispiellose Entwicklung. Vor allem aber muss ein Schl\u00fcsselelement hervorgehoben werden:<\/p>\n<p id=\"ember3467\" class=\"ember-view reader-text-block__paragraph\">Bei den Debatten \u00fcber die Personenfreiz\u00fcgigkeit sprach der Bundesrat von gesteuerten Zuwanderungszahlen von rund <strong>8.000 Nettozug\u00e4nge pro Jahr<\/strong>.<\/p>\n<p id=\"ember3468\" class=\"ember-view reader-text-block__paragraph\">\u2b95 <strong>Die beobachtete Realit\u00e4t sieht ganz anders aus: rund 75.000 Nettozuwanderer j\u00e4hrlich<\/strong> in den letzten Jahren.<\/p>\n<p id=\"ember3469\" class=\"ember-view reader-text-block__paragraph\">Diese massive Abweichung ist kein einfacher Prognosefehler:<\/p>\n<p id=\"ember3470\" class=\"ember-view reader-text-block__paragraph\">ist es eine <strong>gr\u00f6\u00dfter Bruch des politischen Vertrauens<\/strong>.<\/p>\n<p id=\"ember3471\" class=\"ember-view reader-text-block__paragraph\">Konkrete Folgen:<\/p>\n<ul>\n<li>Mietexplosion<\/li>\n<li>S\u00e4ttigung der Infrastruktur<\/li>\n<li>erh\u00f6hter Druck auf L\u00f6hne und \u00f6ffentliche Dienstleistungen<\/li>\n<\/ul>\n<p id=\"ember3473\" class=\"ember-view reader-text-block__paragraph\">Der von Rietiker verwendete Begriff \u00abChaos\u00bb entspricht einer gelebten Realit\u00e4t.<\/p>\n<h3 id=\"ember3474\" class=\"ember-view reader-text-block__heading-3\">Kontrolle zur\u00fcckgewinnen: eine selektive und souver\u00e4ne Migrationspolitik<\/h3>\n<p id=\"ember3475\" class=\"ember-view reader-text-block__paragraph\">Der Vorschlag ist klar:<\/p>\n<blockquote id=\"ember3476\" class=\"ember-view reader-text-block__blockquote\"><p>\u00abNur Personen aufnehmen, die wir wirklich brauchen\u00bb<\/p><\/blockquote>\n<p id=\"ember3477\" class=\"ember-view reader-text-block__paragraph\">Mit einer Decke von etwa <strong>40.000 j\u00e4hrliche Eintr\u00e4ge<\/strong>, die Schweiz k\u00f6nnte:<\/p>\n<ul>\n<li>wiederfinden <strong>Kontrolle seines Wachstums<\/strong><\/li>\n<li>hochqualifizierte Profile anvisieren<\/li>\n<li>Strukturellen Druck reduzieren<\/li>\n<\/ul>\n<p id=\"ember3479\" class=\"ember-view reader-text-block__paragraph\">\u2b95 Es geht nicht darum, die Schweiz abzuschotten, sondern darum, <strong>ein erlittenes und unkontrolliertes Einwandern beenden<\/strong>.<\/p>\n<p id=\"ember3480\" class=\"ember-view reader-text-block__paragraph\">Der derzeitige freie Personenverkehr verhindert gerade diese Steuerung.<\/p>\n<h3 id=\"ember3481\" class=\"ember-view reader-text-block__heading-3\">Grenzg\u00e4nger: eine pragmatische L\u00f6sung<\/h3>\n<p id=\"ember3482\" class=\"ember-view reader-text-block__paragraph\">Rietiker unterstreicht einen oft \u00fcbersehenen Punkt:<\/p>\n<blockquote id=\"ember3483\" class=\"ember-view reader-text-block__blockquote\"><p>\u00abGrenzg\u00e4nger sind ein geringeres \u00dcbel\u00bb<\/p><\/blockquote>\n<p id=\"ember3484\" class=\"ember-view reader-text-block__paragraph\">In der Tat, die Grenzpendler:<\/p>\n<ul>\n<li>Sie s\u00e4ttigen die Unterkunft nicht<\/li>\n<li>weniger Sozialleistungen in Anspruch nehmen<\/li>\n<li>zur Wirtschaft beitragen, ohne sich dauerhaft niederzulassen<\/li>\n<\/ul>\n<p id=\"ember3486\" class=\"ember-view reader-text-block__paragraph\">Mit ungef\u00e4hr <strong>380.000 Grenzg\u00e4nger<\/strong>, die Schweiz verf\u00fcgt bereits \u00fcber ein Flexibilit\u00e4tstool.<\/p>\n<p id=\"ember3487\" class=\"ember-view reader-text-block__paragraph\">\u2b95 Diese Unterscheidung erm\u00f6glicht es, <strong>die Wirtschaft erhalten, ohne den internen demografischen Druck zu versch\u00e4rfen<\/strong>.<\/p>\n<h3 id=\"ember3488\" class=\"ember-view reader-text-block__heading-3\">Abkommen mit der EU: Eine Abgleiten in den Souver\u00e4nit\u00e4tsverlust<\/h3>\n<p id=\"ember3489\" class=\"ember-view reader-text-block__paragraph\">Rietiker kritisiert zu Recht die \u201cBilateralen III\u201d:<\/p>\n<blockquote id=\"ember3490\" class=\"ember-view reader-text-block__blockquote\"><p>\u00abEine schamlose L\u00fcge\u00bb<\/p><\/blockquote>\n<p id=\"ember3491\" class=\"ember-view reader-text-block__paragraph\">Diese Abkommen beinhalten:<\/p>\n<ul>\n<li>dynamische \u00dcbernahme des europ\u00e4ischen Rechts<\/li>\n<li>verst\u00e4rkte Rolle des Gerichtshofs der Europ\u00e4ischen Union<\/li>\n<li>Schw\u00e4chung der Macht des Volkes<\/li>\n<\/ul>\n<p id=\"ember3493\" class=\"ember-view reader-text-block__paragraph\">\u2b95 Wir gehen von ausgewogenen Vereinbarungen zu einer <strong>schrittweise Integration ohne Abstimmung \u00fcber den Beitritt<\/strong>.<\/p>\n<p id=\"ember3494\" class=\"ember-view reader-text-block__paragraph\">Die Initiative stellt somit ein <strong>essenzieller demokratischer Wendepunkt<\/strong>.<\/p>\n<h3 id=\"ember3495\" class=\"ember-view reader-text-block__heading-3\">Die EU: ein Partner, aber kein Vorbild<\/h3>\n<p id=\"ember3496\" class=\"ember-view reader-text-block__paragraph\">Rietiker stellt die Idee einer automatischen Ausrichtung in Frage:<\/p>\n<ul>\n<li>Wirtschaftsstagnation Deutschlands<\/li>\n<li>Energetische Instabilit\u00e4t<\/li>\n<li>wachsende B\u00fcrokratie<\/li>\n<\/ul>\n<p id=\"ember3498\" class=\"ember-view reader-text-block__paragraph\">Sich enger an dieses System zu klammern, bedeutet, das Risiko einzugehen,\u2019<strong>seine Verletzlichkeiten importieren<\/strong>.<\/p>\n<h3 id=\"ember3499\" class=\"ember-view reader-text-block__heading-3\">Neutralit\u00e4t: eine strategische St\u00e4rke<\/h3>\n<blockquote id=\"ember3500\" class=\"ember-view reader-text-block__blockquote\"><p>\u00abNeutral bedeutet nicht feige\u00bb<\/p><\/blockquote>\n<p id=\"ember3501\" class=\"ember-view reader-text-block__paragraph\">Die Schweizer Neutralit\u00e4t<\/p>\n<ul>\n<li>die internationale Glaubw\u00fcrdigkeit st\u00e4rken<\/li>\n<li>erleichtert die globalen Wirtschaftsbeziehungen<\/li>\n<li>sch\u00fctzt das Land vor Blocklogiken<\/li>\n<\/ul>\n<p id=\"ember3503\" class=\"ember-view reader-text-block__paragraph\">Eine Verw\u00e4sserung w\u00fcrde einen historischen St\u00fctzpfeiler des Schweizer Wohlstands schw\u00e4chen.<\/p>\n<h3 id=\"ember3504\" class=\"ember-view reader-text-block__heading-3\">Eine koh\u00e4rente Vision: Souver\u00e4nit\u00e4t, Stabilit\u00e4t, Wohlstand<\/h3>\n<p id=\"ember3505\" class=\"ember-view reader-text-block__paragraph\">Das Projekt von Pro Suisse gliedert sich in vier Achsen:<\/p>\n<ul>\n<li>Demokratische Kontrolle der Einwanderung<\/li>\n<li>Schutz von Infrastrukturen<\/li>\n<li>Rechtliche Unabh\u00e4ngigkeit<\/li>\n<li>bekr\u00e4ftigte Neutralit\u00e4t<\/li>\n<\/ul>\n<p id=\"ember3507\" class=\"ember-view reader-text-block__paragraph\">\u2b95 Die Initiative \u00abKeine 10-Millionen-Schweiz\u00bb wird ein <strong>globales strategisches Werkzeug<\/strong>.<\/p>\n<h3 id=\"ember3508\" class=\"ember-view reader-text-block__heading-3\">Schlussfolgerung<\/h3>\n<p id=\"ember3509\" class=\"ember-view reader-text-block__paragraph\">Das Interview mit Stephan Rietiker in <em>24 Stunden<\/em> beleuchtet eine grundlegende Realit\u00e4t:<\/p>\n<p id=\"ember3510\" class=\"ember-view reader-text-block__paragraph\"><strong>Die anf\u00e4nglichen Versprechen zur Einwanderung wurden nicht eingehalten<\/strong>.<\/p>\n<p id=\"ember3511\" class=\"ember-view reader-text-block__paragraph\">Zwischen <strong>8.000 angek\u00fcndigte Eintr\u00e4ge<\/strong> und die <strong>75.000 festgestellt<\/strong>, die Kluft ist so gro\u00df, dass sie eine vollst\u00e4ndige \u00dcberarbeitung des Systems rechtfertigt.<\/p>\n<p id=\"ember3512\" class=\"ember-view reader-text-block__paragraph\">\u2b95 Die Kontrolle zur\u00fcckzugewinnen ist keine ideologische Option mehr, sondern eine <strong>politische Notwendigkeit, das Vertrauen, die Stabilit\u00e4t und die Souver\u00e4nit\u00e4t der Schweiz wiederherzustellen<\/strong>.<\/p>\n<p id=\"ember3513\" class=\"ember-view reader-text-block__paragraph\">\n<p>&nbsp;<\/p>","protected":false},"excerpt":{"rendered":"<p>Entre promesses non tenues et r\u00e9alit\u00e9 explosive, la question migratoire s\u2019impose comme le point de rupture du mod\u00e8le suisse. Dans cet entretien, Pro Suisse met des mots sur un malaise largement ressenti : perte de contr\u00f4le, pression sur les infrastructures et d\u00e9rive institutionnelle. L\u2019initiative \u00abNon \u00e0 une Suisse \u00e0 10 millions\u00bb le 14 juin pourrait [&hellip;]<\/p>\n","protected":false},"author":2,"featured_media":1075,"comment_status":"closed","ping_status":"closed","sticky":false,"template":"","format":"standard","meta":{"footnotes":""},"categories":[8,11],"tags":[],"class_list":["post-1074","post","type-post","status-publish","format-standard","has-post-thumbnail","hentry","category-politique-interieure","category-ue"],"yoast_head":"<!-- This site is optimized with the Yoast SEO plugin v26.9 - https:\/\/yoast.com\/product\/yoast-seo-wordpress\/ -->\n<title>\ud83c\udde8\ud83c\udded Mettre fin au chaos migratoire et restaurer la souverainet\u00e9 : le diagnostic lucide de Stephan Rietiker - Mouvement Souverainet\u00e9 Suisse<\/title>\n<meta name=\"description\" content=\"Immigration en Suisse : entre promesses et r\u00e9alit\u00e9, l\u2019analyse de Stephan Rietiker met en lumi\u00e8re une pression d\u00e9mographique croissante et appelle \u00e0 reprendre le contr\u00f4le pour pr\u00e9server souverainet\u00e9 et stabilit\u00e9.\" \/>\n<meta name=\"robots\" content=\"index, follow, max-snippet:-1, max-image-preview:large, max-video-preview:-1\" \/>\n<link rel=\"canonical\" href=\"https:\/\/souverainete-suisse.ch\/de\/2026\/04\/das-migrationschaos-beenden-und-die-souveranitat-wiederherstellen-die-klare-diagnose-von-stephan-rietiker\/\" \/>\n<meta property=\"og:locale\" content=\"de_DE\" \/>\n<meta property=\"og:type\" content=\"article\" \/>\n<meta property=\"og:title\" content=\"\ud83c\udde8\ud83c\udded Mettre fin au chaos migratoire et restaurer la souverainet\u00e9 : le diagnostic lucide de Stephan Rietiker - Mouvement Souverainet\u00e9 Suisse\" \/>\n<meta property=\"og:description\" content=\"Immigration en Suisse : entre promesses et r\u00e9alit\u00e9, l\u2019analyse de Stephan Rietiker met en lumi\u00e8re une pression d\u00e9mographique croissante et appelle \u00e0 reprendre le contr\u00f4le pour pr\u00e9server souverainet\u00e9 et stabilit\u00e9.\" \/>\n<meta property=\"og:url\" content=\"https:\/\/souverainete-suisse.ch\/de\/2026\/04\/das-migrationschaos-beenden-und-die-souveranitat-wiederherstellen-die-klare-diagnose-von-stephan-rietiker\/\" \/>\n<meta property=\"og:site_name\" content=\"Mouvement Souverainet\u00e9 Suisse\" \/>\n<meta property=\"article:published_time\" content=\"2026-04-21T11:31:27+00:00\" \/>\n<meta property=\"article:modified_time\" content=\"2026-04-28T12:44:04+00:00\" \/>\n<meta property=\"og:image\" content=\"https:\/\/souverainete-suisse.ch\/wp-content\/uploads\/2026\/04\/Pro-Suisse.jpg\" \/>\n\t<meta property=\"og:image:width\" content=\"2560\" \/>\n\t<meta property=\"og:image:height\" content=\"1440\" \/>\n\t<meta property=\"og:image:type\" content=\"image\/jpeg\" \/>\n<meta name=\"author\" content=\"ludom\" \/>\n<meta name=\"twitter:card\" content=\"summary_large_image\" \/>\n<meta name=\"twitter:label1\" content=\"Verfasst von\" \/>\n\t<meta name=\"twitter:data1\" content=\"ludom\" \/>\n\t<meta name=\"twitter:label2\" content=\"Gesch\u00e4tzte Lesezeit\" \/>\n\t<meta name=\"twitter:data2\" content=\"4\u00a0Minuten\" \/>\n<script type=\"application\/ld+json\" class=\"yoast-schema-graph\">{\"@context\":\"https:\/\/schema.org\",\"@graph\":[{\"@type\":\"Article\",\"@id\":\"https:\/\/souverainete-suisse.ch\/2026\/04\/mettre-fin-au-chaos-migratoire-et-restaurer-la-souverainete-le-diagnostic-lucide-de-stephan-rietiker\/#article\",\"isPartOf\":{\"@id\":\"https:\/\/souverainete-suisse.ch\/2026\/04\/mettre-fin-au-chaos-migratoire-et-restaurer-la-souverainete-le-diagnostic-lucide-de-stephan-rietiker\/\"},\"author\":{\"name\":\"ludom\",\"@id\":\"https:\/\/souverainete-suisse.ch\/#\/schema\/person\/b25acb547faec24a94d7215216d68cbf\"},\"headline\":\"\ud83c\udde8\ud83c\udded Mettre fin au chaos migratoire et restaurer la souverainet\u00e9 : le diagnostic lucide de Stephan Rietiker\",\"datePublished\":\"2026-04-21T11:31:27+00:00\",\"dateModified\":\"2026-04-28T12:44:04+00:00\",\"mainEntityOfPage\":{\"@id\":\"https:\/\/souverainete-suisse.ch\/2026\/04\/mettre-fin-au-chaos-migratoire-et-restaurer-la-souverainete-le-diagnostic-lucide-de-stephan-rietiker\/\"},\"wordCount\":714,\"publisher\":{\"@id\":\"https:\/\/souverainete-suisse.ch\/#organization\"},\"image\":{\"@id\":\"https:\/\/souverainete-suisse.ch\/2026\/04\/mettre-fin-au-chaos-migratoire-et-restaurer-la-souverainete-le-diagnostic-lucide-de-stephan-rietiker\/#primaryimage\"},\"thumbnailUrl\":\"https:\/\/souverainete-suisse.ch\/wp-content\/uploads\/2026\/04\/Pro-Suisse.jpg\",\"articleSection\":[\"Politique int\u00e9rieure\",\"UE\"],\"inLanguage\":\"de\"},{\"@type\":\"WebPage\",\"@id\":\"https:\/\/souverainete-suisse.ch\/2026\/04\/mettre-fin-au-chaos-migratoire-et-restaurer-la-souverainete-le-diagnostic-lucide-de-stephan-rietiker\/\",\"url\":\"https:\/\/souverainete-suisse.ch\/2026\/04\/mettre-fin-au-chaos-migratoire-et-restaurer-la-souverainete-le-diagnostic-lucide-de-stephan-rietiker\/\",\"name\":\"\ud83c\udde8\ud83c\udded Mettre fin au chaos migratoire et restaurer la souverainet\u00e9 : le diagnostic lucide de Stephan Rietiker - Mouvement Souverainet\u00e9 Suisse\",\"isPartOf\":{\"@id\":\"https:\/\/souverainete-suisse.ch\/#website\"},\"primaryImageOfPage\":{\"@id\":\"https:\/\/souverainete-suisse.ch\/2026\/04\/mettre-fin-au-chaos-migratoire-et-restaurer-la-souverainete-le-diagnostic-lucide-de-stephan-rietiker\/#primaryimage\"},\"image\":{\"@id\":\"https:\/\/souverainete-suisse.ch\/2026\/04\/mettre-fin-au-chaos-migratoire-et-restaurer-la-souverainete-le-diagnostic-lucide-de-stephan-rietiker\/#primaryimage\"},\"thumbnailUrl\":\"https:\/\/souverainete-suisse.ch\/wp-content\/uploads\/2026\/04\/Pro-Suisse.jpg\",\"datePublished\":\"2026-04-21T11:31:27+00:00\",\"dateModified\":\"2026-04-28T12:44:04+00:00\",\"description\":\"Immigration en Suisse : entre promesses et r\u00e9alit\u00e9, l\u2019analyse de Stephan Rietiker met en lumi\u00e8re une pression d\u00e9mographique croissante et appelle \u00e0 reprendre le contr\u00f4le pour pr\u00e9server souverainet\u00e9 et stabilit\u00e9.\",\"breadcrumb\":{\"@id\":\"https:\/\/souverainete-suisse.ch\/2026\/04\/mettre-fin-au-chaos-migratoire-et-restaurer-la-souverainete-le-diagnostic-lucide-de-stephan-rietiker\/#breadcrumb\"},\"inLanguage\":\"de\",\"potentialAction\":[{\"@type\":\"ReadAction\",\"target\":[\"https:\/\/souverainete-suisse.ch\/2026\/04\/mettre-fin-au-chaos-migratoire-et-restaurer-la-souverainete-le-diagnostic-lucide-de-stephan-rietiker\/\"]}]},{\"@type\":\"ImageObject\",\"inLanguage\":\"de\",\"@id\":\"https:\/\/souverainete-suisse.ch\/2026\/04\/mettre-fin-au-chaos-migratoire-et-restaurer-la-souverainete-le-diagnostic-lucide-de-stephan-rietiker\/#primaryimage\",\"url\":\"https:\/\/souverainete-suisse.ch\/wp-content\/uploads\/2026\/04\/Pro-Suisse.jpg\",\"contentUrl\":\"https:\/\/souverainete-suisse.ch\/wp-content\/uploads\/2026\/04\/Pro-Suisse.jpg\",\"width\":2560,\"height\":1440},{\"@type\":\"BreadcrumbList\",\"@id\":\"https:\/\/souverainete-suisse.ch\/2026\/04\/mettre-fin-au-chaos-migratoire-et-restaurer-la-souverainete-le-diagnostic-lucide-de-stephan-rietiker\/#breadcrumb\",\"itemListElement\":[{\"@type\":\"ListItem\",\"position\":1,\"name\":\"Accueil\",\"item\":\"https:\/\/souverainete-suisse.ch\/\"},{\"@type\":\"ListItem\",\"position\":2,\"name\":\"\ud83c\udde8\ud83c\udded Mettre fin au chaos migratoire et restaurer la souverainet\u00e9 : le diagnostic lucide de Stephan Rietiker\"}]},{\"@type\":\"WebSite\",\"@id\":\"https:\/\/souverainete-suisse.ch\/#website\",\"url\":\"https:\/\/souverainete-suisse.ch\/\",\"name\":\"Mouvement Souverainet\u00e9 Suisse\",\"description\":\"\",\"publisher\":{\"@id\":\"https:\/\/souverainete-suisse.ch\/#organization\"},\"potentialAction\":[{\"@type\":\"SearchAction\",\"target\":{\"@type\":\"EntryPoint\",\"urlTemplate\":\"https:\/\/souverainete-suisse.ch\/?s={search_term_string}\"},\"query-input\":{\"@type\":\"PropertyValueSpecification\",\"valueRequired\":true,\"valueName\":\"search_term_string\"}}],\"inLanguage\":\"de\"},{\"@type\":\"Organization\",\"@id\":\"https:\/\/souverainete-suisse.ch\/#organization\",\"name\":\"Mouvement Souverainet\u00e9 Suisse\",\"url\":\"https:\/\/souverainete-suisse.ch\/\",\"logo\":{\"@type\":\"ImageObject\",\"inLanguage\":\"de\",\"@id\":\"https:\/\/souverainete-suisse.ch\/#\/schema\/logo\/image\/\",\"url\":\"https:\/\/souverainete-suisse.ch\/wp-content\/uploads\/2025\/11\/logo.png\",\"contentUrl\":\"https:\/\/souverainete-suisse.ch\/wp-content\/uploads\/2025\/11\/logo.png\",\"width\":2053,\"height\":1461,\"caption\":\"Mouvement Souverainet\u00e9 Suisse\"},\"image\":{\"@id\":\"https:\/\/souverainete-suisse.ch\/#\/schema\/logo\/image\/\"}},{\"@type\":\"Person\",\"@id\":\"https:\/\/souverainete-suisse.ch\/#\/schema\/person\/b25acb547faec24a94d7215216d68cbf\",\"name\":\"ludom\",\"image\":{\"@type\":\"ImageObject\",\"inLanguage\":\"de\",\"@id\":\"https:\/\/souverainete-suisse.ch\/#\/schema\/person\/image\/\",\"url\":\"https:\/\/secure.gravatar.com\/avatar\/77b40fd8e49e537abcea7487b290688ce92143c3443b1d3f419149c67282ffb4?s=96&d=mm&r=g\",\"contentUrl\":\"https:\/\/secure.gravatar.com\/avatar\/77b40fd8e49e537abcea7487b290688ce92143c3443b1d3f419149c67282ffb4?s=96&d=mm&r=g\",\"caption\":\"ludom\"},\"url\":\"http:\/\/souverainete-suisse.ch\/de\/author\/ludom\/\"}]}<\/script>\n<!-- \/ Yoast SEO plugin. -->","yoast_head_json":{"title":"\ud83c\udde8\ud83c\udded Das Migrationschaos beenden und die Souver\u00e4nit\u00e4t wiederherstellen: Stephan Rietiker mit einem klaren Urteil - Bewegung f\u00fcr ein unabh\u00e4ngiges und neutrales  Schweiz","description":"Einwanderung in der Schweiz: Zwischen Versprechen und Realit\u00e4t beleuchtet die Analyse von Stephan Rietiker einen wachsenden demografischen Druck und fordert die R\u00fcckgewinnung der Kontrolle, um Souver\u00e4nit\u00e4t und Stabilit\u00e4t zu wahren.","robots":{"index":"index","follow":"follow","max-snippet":"max-snippet:-1","max-image-preview":"max-image-preview:large","max-video-preview":"max-video-preview:-1"},"canonical":"https:\/\/souverainete-suisse.ch\/de\/2026\/04\/das-migrationschaos-beenden-und-die-souveranitat-wiederherstellen-die-klare-diagnose-von-stephan-rietiker\/","og_locale":"de_DE","og_type":"article","og_title":"\ud83c\udde8\ud83c\udded Mettre fin au chaos migratoire et restaurer la souverainet\u00e9 : le diagnostic lucide de Stephan Rietiker - Mouvement Souverainet\u00e9 Suisse","og_description":"Immigration en Suisse : entre promesses et r\u00e9alit\u00e9, l\u2019analyse de Stephan Rietiker met en lumi\u00e8re une pression d\u00e9mographique croissante et appelle \u00e0 reprendre le contr\u00f4le pour pr\u00e9server souverainet\u00e9 et stabilit\u00e9.","og_url":"https:\/\/souverainete-suisse.ch\/de\/2026\/04\/das-migrationschaos-beenden-und-die-souveranitat-wiederherstellen-die-klare-diagnose-von-stephan-rietiker\/","og_site_name":"Mouvement Souverainet\u00e9 Suisse","article_published_time":"2026-04-21T11:31:27+00:00","article_modified_time":"2026-04-28T12:44:04+00:00","og_image":[{"width":2560,"height":1440,"url":"https:\/\/souverainete-suisse.ch\/wp-content\/uploads\/2026\/04\/Pro-Suisse.jpg","type":"image\/jpeg"}],"author":"ludom","twitter_card":"summary_large_image","twitter_misc":{"Verfasst von":"ludom","Gesch\u00e4tzte Lesezeit":"4\u00a0Minuten"},"schema":{"@context":"https:\/\/schema.org","@graph":[{"@type":"Article","@id":"https:\/\/souverainete-suisse.ch\/2026\/04\/mettre-fin-au-chaos-migratoire-et-restaurer-la-souverainete-le-diagnostic-lucide-de-stephan-rietiker\/#article","isPartOf":{"@id":"https:\/\/souverainete-suisse.ch\/2026\/04\/mettre-fin-au-chaos-migratoire-et-restaurer-la-souverainete-le-diagnostic-lucide-de-stephan-rietiker\/"},"author":{"name":"ludom","@id":"https:\/\/souverainete-suisse.ch\/#\/schema\/person\/b25acb547faec24a94d7215216d68cbf"},"headline":"\ud83c\udde8\ud83c\udded Mettre fin au chaos migratoire et restaurer la souverainet\u00e9 : le diagnostic lucide de Stephan Rietiker","datePublished":"2026-04-21T11:31:27+00:00","dateModified":"2026-04-28T12:44:04+00:00","mainEntityOfPage":{"@id":"https:\/\/souverainete-suisse.ch\/2026\/04\/mettre-fin-au-chaos-migratoire-et-restaurer-la-souverainete-le-diagnostic-lucide-de-stephan-rietiker\/"},"wordCount":714,"publisher":{"@id":"https:\/\/souverainete-suisse.ch\/#organization"},"image":{"@id":"https:\/\/souverainete-suisse.ch\/2026\/04\/mettre-fin-au-chaos-migratoire-et-restaurer-la-souverainete-le-diagnostic-lucide-de-stephan-rietiker\/#primaryimage"},"thumbnailUrl":"https:\/\/souverainete-suisse.ch\/wp-content\/uploads\/2026\/04\/Pro-Suisse.jpg","articleSection":["Politique int\u00e9rieure","UE"],"inLanguage":"de"},{"@type":"WebPage","@id":"https:\/\/souverainete-suisse.ch\/2026\/04\/mettre-fin-au-chaos-migratoire-et-restaurer-la-souverainete-le-diagnostic-lucide-de-stephan-rietiker\/","url":"https:\/\/souverainete-suisse.ch\/2026\/04\/mettre-fin-au-chaos-migratoire-et-restaurer-la-souverainete-le-diagnostic-lucide-de-stephan-rietiker\/","name":"\ud83c\udde8\ud83c\udded Das Migrationschaos beenden und die Souver\u00e4nit\u00e4t wiederherstellen: Stephan Rietiker mit einem klaren Urteil - Bewegung f\u00fcr ein unabh\u00e4ngiges und neutrales  Schweiz","isPartOf":{"@id":"https:\/\/souverainete-suisse.ch\/#website"},"primaryImageOfPage":{"@id":"https:\/\/souverainete-suisse.ch\/2026\/04\/mettre-fin-au-chaos-migratoire-et-restaurer-la-souverainete-le-diagnostic-lucide-de-stephan-rietiker\/#primaryimage"},"image":{"@id":"https:\/\/souverainete-suisse.ch\/2026\/04\/mettre-fin-au-chaos-migratoire-et-restaurer-la-souverainete-le-diagnostic-lucide-de-stephan-rietiker\/#primaryimage"},"thumbnailUrl":"https:\/\/souverainete-suisse.ch\/wp-content\/uploads\/2026\/04\/Pro-Suisse.jpg","datePublished":"2026-04-21T11:31:27+00:00","dateModified":"2026-04-28T12:44:04+00:00","description":"Einwanderung in der Schweiz: Zwischen Versprechen und Realit\u00e4t beleuchtet die Analyse von Stephan Rietiker einen wachsenden demografischen Druck und fordert die R\u00fcckgewinnung der Kontrolle, um Souver\u00e4nit\u00e4t und Stabilit\u00e4t zu wahren.","breadcrumb":{"@id":"https:\/\/souverainete-suisse.ch\/2026\/04\/mettre-fin-au-chaos-migratoire-et-restaurer-la-souverainete-le-diagnostic-lucide-de-stephan-rietiker\/#breadcrumb"},"inLanguage":"de","potentialAction":[{"@type":"ReadAction","target":["https:\/\/souverainete-suisse.ch\/2026\/04\/mettre-fin-au-chaos-migratoire-et-restaurer-la-souverainete-le-diagnostic-lucide-de-stephan-rietiker\/"]}]},{"@type":"ImageObject","inLanguage":"de","@id":"https:\/\/souverainete-suisse.ch\/2026\/04\/mettre-fin-au-chaos-migratoire-et-restaurer-la-souverainete-le-diagnostic-lucide-de-stephan-rietiker\/#primaryimage","url":"https:\/\/souverainete-suisse.ch\/wp-content\/uploads\/2026\/04\/Pro-Suisse.jpg","contentUrl":"https:\/\/souverainete-suisse.ch\/wp-content\/uploads\/2026\/04\/Pro-Suisse.jpg","width":2560,"height":1440},{"@type":"BreadcrumbList","@id":"https:\/\/souverainete-suisse.ch\/2026\/04\/mettre-fin-au-chaos-migratoire-et-restaurer-la-souverainete-le-diagnostic-lucide-de-stephan-rietiker\/#breadcrumb","itemListElement":[{"@type":"ListItem","position":1,"name":"Accueil","item":"https:\/\/souverainete-suisse.ch\/"},{"@type":"ListItem","position":2,"name":"\ud83c\udde8\ud83c\udded Mettre fin au chaos migratoire et restaurer la souverainet\u00e9 : le diagnostic lucide de Stephan Rietiker"}]},{"@type":"WebSite","@id":"https:\/\/souverainete-suisse.ch\/#website","url":"https:\/\/souverainete-suisse.ch\/","name":"Bewegung Souver\u00e4ne Schweiz","description":"","publisher":{"@id":"https:\/\/souverainete-suisse.ch\/#organization"},"potentialAction":[{"@type":"SearchAction","target":{"@type":"EntryPoint","urlTemplate":"https:\/\/souverainete-suisse.ch\/?s={search_term_string}"},"query-input":{"@type":"PropertyValueSpecification","valueRequired":true,"valueName":"search_term_string"}}],"inLanguage":"de"},{"@type":"Organization","@id":"https:\/\/souverainete-suisse.ch\/#organization","name":"Bewegung Souver\u00e4ne Schweiz","url":"https:\/\/souverainete-suisse.ch\/","logo":{"@type":"ImageObject","inLanguage":"de","@id":"https:\/\/souverainete-suisse.ch\/#\/schema\/logo\/image\/","url":"https:\/\/souverainete-suisse.ch\/wp-content\/uploads\/2025\/11\/logo.png","contentUrl":"https:\/\/souverainete-suisse.ch\/wp-content\/uploads\/2025\/11\/logo.png","width":2053,"height":1461,"caption":"Mouvement Souverainet\u00e9 Suisse"},"image":{"@id":"https:\/\/souverainete-suisse.ch\/#\/schema\/logo\/image\/"}},{"@type":"Person","@id":"https:\/\/souverainete-suisse.ch\/#\/schema\/person\/b25acb547faec24a94d7215216d68cbf","name":"ludom","image":{"@type":"ImageObject","inLanguage":"de","@id":"https:\/\/souverainete-suisse.ch\/#\/schema\/person\/image\/","url":"https:\/\/secure.gravatar.com\/avatar\/77b40fd8e49e537abcea7487b290688ce92143c3443b1d3f419149c67282ffb4?s=96&d=mm&r=g","contentUrl":"https:\/\/secure.gravatar.com\/avatar\/77b40fd8e49e537abcea7487b290688ce92143c3443b1d3f419149c67282ffb4?s=96&d=mm&r=g","caption":"ludom"},"url":"http:\/\/souverainete-suisse.ch\/de\/author\/ludom\/"}]}},"_links":{"self":[{"href":"http:\/\/souverainete-suisse.ch\/de\/wp-json\/wp\/v2\/posts\/1074","targetHints":{"allow":["GET"]}}],"collection":[{"href":"http:\/\/souverainete-suisse.ch\/de\/wp-json\/wp\/v2\/posts"}],"about":[{"href":"http:\/\/souverainete-suisse.ch\/de\/wp-json\/wp\/v2\/types\/post"}],"author":[{"embeddable":true,"href":"http:\/\/souverainete-suisse.ch\/de\/wp-json\/wp\/v2\/users\/2"}],"replies":[{"embeddable":true,"href":"http:\/\/souverainete-suisse.ch\/de\/wp-json\/wp\/v2\/comments?post=1074"}],"version-history":[{"count":2,"href":"http:\/\/souverainete-suisse.ch\/de\/wp-json\/wp\/v2\/posts\/1074\/revisions"}],"predecessor-version":[{"id":1121,"href":"http:\/\/souverainete-suisse.ch\/de\/wp-json\/wp\/v2\/posts\/1074\/revisions\/1121"}],"wp:featuredmedia":[{"embeddable":true,"href":"http:\/\/souverainete-suisse.ch\/de\/wp-json\/wp\/v2\/media\/1075"}],"wp:attachment":[{"href":"http:\/\/souverainete-suisse.ch\/de\/wp-json\/wp\/v2\/media?parent=1074"}],"wp:term":[{"taxonomy":"category","embeddable":true,"href":"http:\/\/souverainete-suisse.ch\/de\/wp-json\/wp\/v2\/categories?post=1074"},{"taxonomy":"post_tag","embeddable":true,"href":"http:\/\/souverainete-suisse.ch\/de\/wp-json\/wp\/v2\/tags?post=1074"}],"curies":[{"name":"wp","href":"https:\/\/api.w.org\/{rel}","templated":true}]}}