{"id":1070,"date":"2026-04-21T13:29:03","date_gmt":"2026-04-21T11:29:03","guid":{"rendered":"https:\/\/souverainete-suisse.ch\/?p=1070"},"modified":"2026-04-28T14:44:24","modified_gmt":"2026-04-28T12:44:24","slug":"rudolf-minsch-leconomie-deconnectee-face-a-la-realite-suisse","status":"publish","type":"post","link":"http:\/\/souverainete-suisse.ch\/de\/2026\/04\/rudolf-minsch-leconomie-deconnectee-face-a-la-realite-suisse\/","title":{"rendered":"\ud83c\udde8\ud83c\udded Rudolf Minsch: Die entkoppelte Wirtschaft angesichts der Schweizer Realit\u00e4t"},"content":{"rendered":"<p>Ils parlent de croissance, de mod\u00e8les, de prosp\u00e9rit\u00e9 abstraite. Mais derri\u00e8re les graphiques rassurants et les formules d\u2019experts, une autre r\u00e9alit\u00e9 s\u2019impose: celle d\u2019un pays sous pression, o\u00f9 logement, infrastructures et salaires racontent une histoire bien diff\u00e9rente. Quand Economiesuisse transforme l\u2019\u00e9conomie en discours politique, il est temps de d\u00e9monter les arguments, un par un.<\/p>\n<p id=\"ember2993\" class=\"ember-view reader-text-block__paragraph\">(source : L\u2019Agefi, 16 avril 2026)<\/p>\n<p id=\"ember2994\" class=\"ember-view reader-text-block__paragraph\">Derri\u00e8re le vernis technocratique, le discours de Rudolf Minsch rel\u00e8ve moins de l\u2019analyse \u00e9conomique que d\u2019un r\u00e9cit politique calibr\u00e9. \u00c0 coups de mod\u00e8les abstraits, de moyennes flatteuses et de causalit\u00e9s simplifi\u00e9es, il d\u00e9fend une vision o\u00f9 la croissance quantitative justifie tout \u2014 y compris la dilution progressive des \u00e9quilibres suisses. D\u00e9cryptage point par point.<\/p>\n<h3 id=\"ember2995\" class=\"ember-view reader-text-block__heading-3\">1.\u00a0\u00ab Les travailleurs \u00e9trangers ne remplacent pas la main-d\u2019\u0153uvre locale \u00bb : une affirmation th\u00e9orique, contredite par les faits<\/h3>\n<p id=\"ember2996\" class=\"ember-view reader-text-block__paragraph\">Minsch affirme que les travailleurs \u00e9trangers sont \u00ab compl\u00e9mentaires \u00bb.<\/p>\n<p id=\"ember2997\" class=\"ember-view reader-text-block__paragraph\">\u2b95 <strong>Probl\u00e8me<\/strong> : cette vision repose sur un mod\u00e8le id\u00e9al du march\u00e9 du travail.<\/p>\n<p id=\"ember2998\" class=\"ember-view reader-text-block__paragraph\"><strong>R\u00e9alit\u00e9 observable :<\/strong><\/p>\n<ul>\n<li>Dans de nombreux secteurs (construction, sant\u00e9, services), la pression salariale est document\u00e9e.<\/li>\n<li>Le recours massif \u00e0 une main-d\u2019\u0153uvre \u00e9trang\u00e8re <strong>augmente l\u2019offre de travail<\/strong>, ce qui, m\u00e9caniquement, <strong>freine la hausse des salaires r\u00e9els<\/strong>.<\/li>\n<li>Les entreprises arbitrent souvent en faveur de profils plus flexibles ou moins co\u00fbteux.<\/li>\n<\/ul>\n<p id=\"ember3000\" class=\"ember-view reader-text-block__paragraph\">\u2b95 M\u00eame la th\u00e9orie \u00e9conomique standard (offre\/demande) indique qu\u2019une augmentation rapide de l\u2019offre de travail <strong>modifie l\u2019\u00e9quilibre du march\u00e9<\/strong>.<\/p>\n<h3 id=\"ember3001\" class=\"ember-view reader-text-block__heading-3\">2.\u00a0\u00ab Le PIB par t\u00eate augmente depuis 2002 \u00bb : un indicateur trompeur<\/h3>\n<p id=\"ember3002\" class=\"ember-view reader-text-block__paragraph\">Citation cl\u00e9 (Agefi) :<\/p>\n<blockquote id=\"ember3003\" class=\"ember-view reader-text-block__blockquote\"><p>\u00ab Le PIB par t\u00eate a augment\u00e9 durant toute la p\u00e9riode depuis 2002. \u00bb<\/p><\/blockquote>\n<p id=\"ember3004\" class=\"ember-view reader-text-block__paragraph\">\u2b95 <strong>Oui, mais :<\/strong><\/p>\n<ul>\n<li>Cette hausse est <strong>faible compar\u00e9e \u00e0 la croissance totale du PIB<\/strong>.<\/li>\n<li>Elle est en partie tir\u00e9e par des secteurs sp\u00e9cifiques (pharma, finance).<\/li>\n<li>Elle <strong>masque la stagnation du pouvoir d\u2019achat m\u00e9dian<\/strong> dans certaines r\u00e9gions.<\/li>\n<\/ul>\n<p id=\"ember3006\" class=\"ember-view reader-text-block__paragraph\">\u2b95 Le point crucial reconnu dans l\u2019article lui-m\u00eame :<\/p>\n<blockquote id=\"ember3007\" class=\"ember-view reader-text-block__blockquote\"><p>la croissance suisse est \u00ab majoritairement g\u00e9n\u00e9r\u00e9e par une hausse de la population \u00bb.<\/p><\/blockquote>\n<p id=\"ember3008\" class=\"ember-view reader-text-block__paragraph\">Anders formuliert:<\/p>\n<p id=\"ember3009\" class=\"ember-view reader-text-block__paragraph\"><strong>croissance extensive (plus d\u2019habitants) \u2260 prosp\u00e9rit\u00e9 individuelle r\u00e9elle.<\/strong><\/p>\n<h3 id=\"ember3010\" class=\"ember-view reader-text-block__heading-3\">3.\u00a0Immigration et logement : renversement de causalit\u00e9<\/h3>\n<p id=\"ember3011\" class=\"ember-view reader-text-block__paragraph\">Minsch affirme que la crise du logement est \u00ab de notre propre fait \u00bb (r\u00e9glementation, lenteur des permis).<\/p>\n<p id=\"ember3012\" class=\"ember-view reader-text-block__paragraph\">\u2b95 <strong>Argument incomplet :<\/strong><\/p>\n<ul>\n<li>La Suisse a accueilli <strong>+75\u2019000 personnes en 2023<\/strong>.<\/li>\n<li>Chaque arriv\u00e9e cr\u00e9e une demande imm\u00e9diate de logement.<\/li>\n<li>L\u2019offre, structurellement rigide, <strong>ne peut suivre ce rythme<\/strong>.<\/li>\n<\/ul>\n<p id=\"ember3014\" class=\"ember-view reader-text-block__paragraph\">\u2b95 R\u00e9sultat logique :<\/p>\n<p id=\"ember3015\" class=\"ember-view reader-text-block__paragraph\"><strong>explosion des loyers = pression d\u00e9mographique + contraintes d\u2019offre.<\/strong><\/p>\n<h3 id=\"ember3017\" class=\"ember-view reader-text-block__heading-3\">\u2757 Ignorer la demande revient \u00e0 nier une loi \u00e9conomique fondamentale.<\/h3>\n<h3 id=\"ember3019\" class=\"ember-view reader-text-block__heading-3\">4.\u00a0Le sc\u00e9nario du \u00ab chaos \u00bb : rh\u00e9torique de la peur<\/h3>\n<p id=\"ember3020\" class=\"ember-view reader-text-block__paragraph\">Minsch \u00e9voque :<\/p>\n<ul>\n<li>\u00ab chaos migratoire et s\u00e9curitaire \u00bb<\/li>\n<li>fin des bilat\u00e9rales<\/li>\n<li>remise en cause de Schengen<\/li>\n<\/ul>\n<p id=\"ember3022\" class=\"ember-view reader-text-block__paragraph\">\u2b95 <strong>Problem :<\/strong><\/p>\n<ul>\n<li>Ces sc\u00e9narios reposent sur des <strong>encha\u00eenements politiques hypoth\u00e9tiques<\/strong>, pas des certitudes \u00e9conomiques.<\/li>\n<li>Ils rel\u00e8vent davantage de la <strong>communication strat\u00e9gique<\/strong> que de l\u2019analyse.<\/li>\n<\/ul>\n<p id=\"ember3024\" class=\"ember-view reader-text-block__paragraph\">\u2b95 Rappel :<\/p>\n<p id=\"ember3025\" class=\"ember-view reader-text-block__paragraph\">La Suisse a historiquement su ren\u00e9gocier et adapter ses accords.<\/p>\n<p id=\"ember3026\" class=\"ember-view reader-text-block__paragraph\">Pr\u00e9senter toute alternative comme un \u00ab chaos \u00bb est une <strong>dramatisation excessive<\/strong>.<\/p>\n<h3 id=\"ember3027\" class=\"ember-view reader-text-block__heading-3\">5.\u00a0Les mod\u00e8les \u00e9conomiques (Ecoplan) : des projections fragiles<\/h3>\n<p id=\"ember3028\" class=\"ember-view reader-text-block__paragraph\">Chiffres avanc\u00e9s :<\/p>\n<ul>\n<li>-4,9% de PIB (Ecoplan)<\/li>\n<li>-7,1% (BAK Economics)<\/li>\n<li>-2500 CHF\/an par habitant<\/li>\n<\/ul>\n<p id=\"ember3030\" class=\"ember-view reader-text-block__paragraph\">\u2b95 <strong>Mais Minsch reconna\u00eet lui-m\u00eame :<\/strong><\/p>\n<blockquote id=\"ember3031\" class=\"ember-view reader-text-block__blockquote\"><p>\u00ab Il est impossible de savoir avec pr\u00e9cision\u2026 \u00bb<\/p><\/blockquote>\n<p id=\"ember3032\" class=\"ember-view reader-text-block__paragraph\">\u2b95 Probl\u00e8mes majeurs :<\/p>\n<ul>\n<li>Hypoth\u00e8ses sensibles (mobilit\u00e9 du capital, comportement des entreprises)<\/li>\n<li>R\u00e9sultats tr\u00e8s d\u00e9pendants du mod\u00e8le choisi<\/li>\n<li>Divergences importantes entre \u00e9tudes (ex : SwissEconomics : -0,9%)<\/li>\n<\/ul>\n<p id=\"ember3034\" class=\"ember-view reader-text-block__paragraph\"><strong>Schlussfolgerung :<\/strong><\/p>\n<p id=\"ember3035\" class=\"ember-view reader-text-block__paragraph\"><strong>ces chiffres ne sont pas des faits, mais des sc\u00e9narios.<\/strong><\/p>\n<h3 id=\"ember3036\" class=\"ember-view reader-text-block__heading-3\">6.\u00a0Main-d\u2019\u0153uvre \u00e9trang\u00e8re indispensable ? Une vision biais\u00e9e<\/h3>\n<p id=\"ember3037\" class=\"ember-view reader-text-block__paragraph\">Minsch affirme :<\/p>\n<blockquote id=\"ember3038\" class=\"ember-view reader-text-block__blockquote\"><p>\u00ab La Suisse ne peut pas fournir suffisamment de travailleurs. \u00bb<\/p><\/blockquote>\n<p id=\"ember3039\" class=\"ember-view reader-text-block__paragraph\">\u2b95 <strong>Contre-arguments :<\/strong><\/p>\n<ul>\n<li>Potentiel sous-exploit\u00e9 :<\/li>\n<li>Effet pervers :<\/li>\n<\/ul>\n<p id=\"ember3041\" class=\"ember-view reader-text-block__paragraph\">\u2b95 Une \u00e9conomie d\u00e9pendante de l\u2019immigration devient <strong>structurellement fragile<\/strong>.<\/p>\n<h3 id=\"ember3042\" class=\"ember-view reader-text-block__heading-3\">7.\u00a0Productivit\u00e9 : le vrai angle mort<\/h3>\n<p id=\"ember3043\" class=\"ember-view reader-text-block__paragraph\">L\u2019article reconna\u00eet :<\/p>\n<ul>\n<li>productivit\u00e9 suisse en ralentissement relatif (OCDE)<\/li>\n<li>concentration dans quelques secteurs<\/li>\n<\/ul>\n<p id=\"ember3045\" class=\"ember-view reader-text-block__paragraph\">\u2b95 Paradoxe :<\/p>\n<p id=\"ember3046\" class=\"ember-view reader-text-block__paragraph\">Minsch d\u00e9fend un mod\u00e8le qui <strong>favorise la croissance d\u00e9mographique<\/strong><\/p>\n<p id=\"ember3047\" class=\"ember-view reader-text-block__paragraph\">alors que le d\u00e9fi r\u00e9el est <strong>la productivit\u00e9 qualitative<\/strong>.<\/p>\n<p id=\"ember3048\" class=\"ember-view reader-text-block__paragraph\"><strong>Risque :<\/strong><\/p>\n<ul>\n<li>dilution du mod\u00e8le \u00e9conomique suisse<\/li>\n<li>d\u00e9pendance \u00e0 une croissance extensive<\/li>\n<\/ul>\n<h3 id=\"ember3050\" class=\"ember-view reader-text-block__heading-3\">Conclusion \u2014 La croissance \u00e0 tout prix : une impasse strat\u00e9gique<\/h3>\n<p id=\"ember3051\" class=\"ember-view reader-text-block__paragraph\">Le discours de Rudolf Minsch repose sur une \u00e9quation simpliste :<\/p>\n<p id=\"ember3052\" class=\"ember-view reader-text-block__paragraph\"><strong>immigration = croissance = prosp\u00e9rit\u00e9.<\/strong><\/p>\n<p id=\"ember3053\" class=\"ember-view reader-text-block__paragraph\">Mais les faits montrent une r\u00e9alit\u00e9 plus complexe :<\/p>\n<ul>\n<li>Druck auf die Infrastruktur<\/li>\n<li>stagnation relative du niveau de vie<\/li>\n<li>d\u00e9pendance \u00e9conomique croissante<\/li>\n<li>fragilisation des \u00e9quilibres sociaux<\/li>\n<\/ul>\n<p id=\"ember3055\" class=\"ember-view reader-text-block__paragraph\">\u00c0 force de raisonner en agr\u00e9gats et en mod\u00e8les, on oublie l\u2019essentiel :<\/p>\n<p id=\"ember3056\" class=\"ember-view reader-text-block__paragraph\"><strong>une \u00e9conomie n\u2019est pas faite pour maximiser des courbes, mais pour servir une population.<\/strong><\/p>\n<p id=\"ember3057\" class=\"ember-view reader-text-block__paragraph\">Et sur ce point, les certitudes affich\u00e9es par Economiesuisse apparaissent moins comme une expertise\u2026 que comme une <strong>ligne id\u00e9ologique<\/strong>.<\/p>\n<p id=\"ember3058\" class=\"ember-view reader-text-block__paragraph\"><strong><em>Cette analyse vous a interpell\u00e9 ? Likez pour nous aider \u00e0 toucher un public plus large.<\/em><\/strong><\/p>","protected":false},"excerpt":{"rendered":"<p>Ils parlent de croissance, de mod\u00e8les, de prosp\u00e9rit\u00e9 abstraite. Mais derri\u00e8re les graphiques rassurants et les formules d\u2019experts, une autre r\u00e9alit\u00e9 s\u2019impose: celle d\u2019un pays sous pression, o\u00f9 logement, infrastructures et salaires racontent une histoire bien diff\u00e9rente. Quand Economiesuisse transforme l\u2019\u00e9conomie en discours politique, il est temps de d\u00e9monter les arguments, un par un. (source [&hellip;]<\/p>\n","protected":false},"author":2,"featured_media":1071,"comment_status":"closed","ping_status":"closed","sticky":false,"template":"","format":"standard","meta":{"footnotes":""},"categories":[8,11],"tags":[],"class_list":["post-1070","post","type-post","status-publish","format-standard","has-post-thumbnail","hentry","category-politique-interieure","category-ue"],"yoast_head":"<!-- This site is optimized with the Yoast SEO plugin v26.9 - https:\/\/yoast.com\/product\/yoast-seo-wordpress\/ -->\n<title>\ud83c\udde8\ud83c\udded Rudolf Minsch : l\u2019\u00e9conomie d\u00e9connect\u00e9e face \u00e0 la r\u00e9alit\u00e9 suisse - Mouvement Souverainet\u00e9 Suisse<\/title>\n<meta name=\"description\" content=\"Immigration et croissance en Suisse : d\u00e9cryptage critique du discours d\u2019Economiesuisse. PIB, salaires, logement et souverainet\u00e9 \u2014 une analyse qui questionne le mod\u00e8le actuel et ses limites.\" \/>\n<meta name=\"robots\" content=\"index, follow, max-snippet:-1, max-image-preview:large, max-video-preview:-1\" \/>\n<link rel=\"canonical\" href=\"https:\/\/souverainete-suisse.ch\/de\/2026\/04\/rudolf-minsch-leconomie-deconnectee-face-a-la-realite-suisse\/\" \/>\n<meta property=\"og:locale\" content=\"de_DE\" \/>\n<meta property=\"og:type\" content=\"article\" \/>\n<meta property=\"og:title\" content=\"\ud83c\udde8\ud83c\udded Rudolf Minsch : l\u2019\u00e9conomie d\u00e9connect\u00e9e face \u00e0 la r\u00e9alit\u00e9 suisse - Mouvement Souverainet\u00e9 Suisse\" \/>\n<meta property=\"og:description\" content=\"Immigration et croissance en Suisse : d\u00e9cryptage critique du discours d\u2019Economiesuisse. PIB, salaires, logement et souverainet\u00e9 \u2014 une analyse qui questionne le mod\u00e8le actuel et ses limites.\" \/>\n<meta property=\"og:url\" content=\"https:\/\/souverainete-suisse.ch\/de\/2026\/04\/rudolf-minsch-leconomie-deconnectee-face-a-la-realite-suisse\/\" \/>\n<meta property=\"og:site_name\" content=\"Mouvement Souverainet\u00e9 Suisse\" \/>\n<meta property=\"article:published_time\" content=\"2026-04-21T11:29:03+00:00\" \/>\n<meta property=\"article:modified_time\" content=\"2026-04-28T12:44:24+00:00\" \/>\n<meta property=\"og:image\" content=\"https:\/\/souverainete-suisse.ch\/wp-content\/uploads\/2026\/04\/minsch.jpg\" \/>\n\t<meta property=\"og:image:width\" content=\"1280\" \/>\n\t<meta property=\"og:image:height\" content=\"720\" \/>\n\t<meta property=\"og:image:type\" content=\"image\/jpeg\" \/>\n<meta name=\"author\" content=\"ludom\" \/>\n<meta name=\"twitter:card\" content=\"summary_large_image\" \/>\n<meta name=\"twitter:label1\" content=\"Verfasst von\" \/>\n\t<meta name=\"twitter:data1\" content=\"ludom\" \/>\n\t<meta name=\"twitter:label2\" content=\"Gesch\u00e4tzte Lesezeit\" \/>\n\t<meta name=\"twitter:data2\" content=\"4\u00a0Minuten\" \/>\n<script type=\"application\/ld+json\" class=\"yoast-schema-graph\">{\"@context\":\"https:\/\/schema.org\",\"@graph\":[{\"@type\":\"Article\",\"@id\":\"https:\/\/souverainete-suisse.ch\/2026\/04\/rudolf-minsch-leconomie-deconnectee-face-a-la-realite-suisse\/#article\",\"isPartOf\":{\"@id\":\"https:\/\/souverainete-suisse.ch\/2026\/04\/rudolf-minsch-leconomie-deconnectee-face-a-la-realite-suisse\/\"},\"author\":{\"name\":\"ludom\",\"@id\":\"https:\/\/souverainete-suisse.ch\/#\/schema\/person\/b25acb547faec24a94d7215216d68cbf\"},\"headline\":\"\ud83c\udde8\ud83c\udded Rudolf Minsch : l\u2019\u00e9conomie d\u00e9connect\u00e9e face \u00e0 la r\u00e9alit\u00e9 suisse\",\"datePublished\":\"2026-04-21T11:29:03+00:00\",\"dateModified\":\"2026-04-28T12:44:24+00:00\",\"mainEntityOfPage\":{\"@id\":\"https:\/\/souverainete-suisse.ch\/2026\/04\/rudolf-minsch-leconomie-deconnectee-face-a-la-realite-suisse\/\"},\"wordCount\":797,\"publisher\":{\"@id\":\"https:\/\/souverainete-suisse.ch\/#organization\"},\"image\":{\"@id\":\"https:\/\/souverainete-suisse.ch\/2026\/04\/rudolf-minsch-leconomie-deconnectee-face-a-la-realite-suisse\/#primaryimage\"},\"thumbnailUrl\":\"https:\/\/souverainete-suisse.ch\/wp-content\/uploads\/2026\/04\/minsch.jpg\",\"articleSection\":[\"Politique int\u00e9rieure\",\"UE\"],\"inLanguage\":\"de\"},{\"@type\":\"WebPage\",\"@id\":\"https:\/\/souverainete-suisse.ch\/2026\/04\/rudolf-minsch-leconomie-deconnectee-face-a-la-realite-suisse\/\",\"url\":\"https:\/\/souverainete-suisse.ch\/2026\/04\/rudolf-minsch-leconomie-deconnectee-face-a-la-realite-suisse\/\",\"name\":\"\ud83c\udde8\ud83c\udded Rudolf Minsch : l\u2019\u00e9conomie d\u00e9connect\u00e9e face \u00e0 la r\u00e9alit\u00e9 suisse - Mouvement Souverainet\u00e9 Suisse\",\"isPartOf\":{\"@id\":\"https:\/\/souverainete-suisse.ch\/#website\"},\"primaryImageOfPage\":{\"@id\":\"https:\/\/souverainete-suisse.ch\/2026\/04\/rudolf-minsch-leconomie-deconnectee-face-a-la-realite-suisse\/#primaryimage\"},\"image\":{\"@id\":\"https:\/\/souverainete-suisse.ch\/2026\/04\/rudolf-minsch-leconomie-deconnectee-face-a-la-realite-suisse\/#primaryimage\"},\"thumbnailUrl\":\"https:\/\/souverainete-suisse.ch\/wp-content\/uploads\/2026\/04\/minsch.jpg\",\"datePublished\":\"2026-04-21T11:29:03+00:00\",\"dateModified\":\"2026-04-28T12:44:24+00:00\",\"description\":\"Immigration et croissance en Suisse : d\u00e9cryptage critique du discours d\u2019Economiesuisse. PIB, salaires, logement et souverainet\u00e9 \u2014 une analyse qui questionne le mod\u00e8le actuel et ses limites.\",\"breadcrumb\":{\"@id\":\"https:\/\/souverainete-suisse.ch\/2026\/04\/rudolf-minsch-leconomie-deconnectee-face-a-la-realite-suisse\/#breadcrumb\"},\"inLanguage\":\"de\",\"potentialAction\":[{\"@type\":\"ReadAction\",\"target\":[\"https:\/\/souverainete-suisse.ch\/2026\/04\/rudolf-minsch-leconomie-deconnectee-face-a-la-realite-suisse\/\"]}]},{\"@type\":\"ImageObject\",\"inLanguage\":\"de\",\"@id\":\"https:\/\/souverainete-suisse.ch\/2026\/04\/rudolf-minsch-leconomie-deconnectee-face-a-la-realite-suisse\/#primaryimage\",\"url\":\"https:\/\/souverainete-suisse.ch\/wp-content\/uploads\/2026\/04\/minsch.jpg\",\"contentUrl\":\"https:\/\/souverainete-suisse.ch\/wp-content\/uploads\/2026\/04\/minsch.jpg\",\"width\":1280,\"height\":720},{\"@type\":\"BreadcrumbList\",\"@id\":\"https:\/\/souverainete-suisse.ch\/2026\/04\/rudolf-minsch-leconomie-deconnectee-face-a-la-realite-suisse\/#breadcrumb\",\"itemListElement\":[{\"@type\":\"ListItem\",\"position\":1,\"name\":\"Accueil\",\"item\":\"https:\/\/souverainete-suisse.ch\/\"},{\"@type\":\"ListItem\",\"position\":2,\"name\":\"\ud83c\udde8\ud83c\udded Rudolf Minsch : l\u2019\u00e9conomie d\u00e9connect\u00e9e face \u00e0 la r\u00e9alit\u00e9 suisse\"}]},{\"@type\":\"WebSite\",\"@id\":\"https:\/\/souverainete-suisse.ch\/#website\",\"url\":\"https:\/\/souverainete-suisse.ch\/\",\"name\":\"Mouvement Souverainet\u00e9 Suisse\",\"description\":\"\",\"publisher\":{\"@id\":\"https:\/\/souverainete-suisse.ch\/#organization\"},\"potentialAction\":[{\"@type\":\"SearchAction\",\"target\":{\"@type\":\"EntryPoint\",\"urlTemplate\":\"https:\/\/souverainete-suisse.ch\/?s={search_term_string}\"},\"query-input\":{\"@type\":\"PropertyValueSpecification\",\"valueRequired\":true,\"valueName\":\"search_term_string\"}}],\"inLanguage\":\"de\"},{\"@type\":\"Organization\",\"@id\":\"https:\/\/souverainete-suisse.ch\/#organization\",\"name\":\"Mouvement Souverainet\u00e9 Suisse\",\"url\":\"https:\/\/souverainete-suisse.ch\/\",\"logo\":{\"@type\":\"ImageObject\",\"inLanguage\":\"de\",\"@id\":\"https:\/\/souverainete-suisse.ch\/#\/schema\/logo\/image\/\",\"url\":\"https:\/\/souverainete-suisse.ch\/wp-content\/uploads\/2025\/11\/logo.png\",\"contentUrl\":\"https:\/\/souverainete-suisse.ch\/wp-content\/uploads\/2025\/11\/logo.png\",\"width\":2053,\"height\":1461,\"caption\":\"Mouvement Souverainet\u00e9 Suisse\"},\"image\":{\"@id\":\"https:\/\/souverainete-suisse.ch\/#\/schema\/logo\/image\/\"}},{\"@type\":\"Person\",\"@id\":\"https:\/\/souverainete-suisse.ch\/#\/schema\/person\/b25acb547faec24a94d7215216d68cbf\",\"name\":\"ludom\",\"image\":{\"@type\":\"ImageObject\",\"inLanguage\":\"de\",\"@id\":\"https:\/\/souverainete-suisse.ch\/#\/schema\/person\/image\/\",\"url\":\"https:\/\/secure.gravatar.com\/avatar\/77b40fd8e49e537abcea7487b290688ce92143c3443b1d3f419149c67282ffb4?s=96&d=mm&r=g\",\"contentUrl\":\"https:\/\/secure.gravatar.com\/avatar\/77b40fd8e49e537abcea7487b290688ce92143c3443b1d3f419149c67282ffb4?s=96&d=mm&r=g\",\"caption\":\"ludom\"},\"url\":\"http:\/\/souverainete-suisse.ch\/de\/author\/ludom\/\"}]}<\/script>\n<!-- \/ Yoast SEO plugin. -->","yoast_head_json":{"title":"\ud83c\udde8\ud83c\udded Rudolf Minsch : l\u2019\u00e9conomie d\u00e9connect\u00e9e face \u00e0 la r\u00e9alit\u00e9 suisse - Mouvement Souverainet\u00e9 Suisse","description":"Immigration et croissance en Suisse : d\u00e9cryptage critique du discours d\u2019Economiesuisse. PIB, salaires, logement et souverainet\u00e9 \u2014 une analyse qui questionne le mod\u00e8le actuel et ses limites.","robots":{"index":"index","follow":"follow","max-snippet":"max-snippet:-1","max-image-preview":"max-image-preview:large","max-video-preview":"max-video-preview:-1"},"canonical":"https:\/\/souverainete-suisse.ch\/de\/2026\/04\/rudolf-minsch-leconomie-deconnectee-face-a-la-realite-suisse\/","og_locale":"de_DE","og_type":"article","og_title":"\ud83c\udde8\ud83c\udded Rudolf Minsch : l\u2019\u00e9conomie d\u00e9connect\u00e9e face \u00e0 la r\u00e9alit\u00e9 suisse - Mouvement Souverainet\u00e9 Suisse","og_description":"Immigration et croissance en Suisse : d\u00e9cryptage critique du discours d\u2019Economiesuisse. PIB, salaires, logement et souverainet\u00e9 \u2014 une analyse qui questionne le mod\u00e8le actuel et ses limites.","og_url":"https:\/\/souverainete-suisse.ch\/de\/2026\/04\/rudolf-minsch-leconomie-deconnectee-face-a-la-realite-suisse\/","og_site_name":"Mouvement Souverainet\u00e9 Suisse","article_published_time":"2026-04-21T11:29:03+00:00","article_modified_time":"2026-04-28T12:44:24+00:00","og_image":[{"width":1280,"height":720,"url":"https:\/\/souverainete-suisse.ch\/wp-content\/uploads\/2026\/04\/minsch.jpg","type":"image\/jpeg"}],"author":"ludom","twitter_card":"summary_large_image","twitter_misc":{"Verfasst von":"ludom","Gesch\u00e4tzte Lesezeit":"4\u00a0Minuten"},"schema":{"@context":"https:\/\/schema.org","@graph":[{"@type":"Article","@id":"https:\/\/souverainete-suisse.ch\/2026\/04\/rudolf-minsch-leconomie-deconnectee-face-a-la-realite-suisse\/#article","isPartOf":{"@id":"https:\/\/souverainete-suisse.ch\/2026\/04\/rudolf-minsch-leconomie-deconnectee-face-a-la-realite-suisse\/"},"author":{"name":"ludom","@id":"https:\/\/souverainete-suisse.ch\/#\/schema\/person\/b25acb547faec24a94d7215216d68cbf"},"headline":"\ud83c\udde8\ud83c\udded Rudolf Minsch : l\u2019\u00e9conomie d\u00e9connect\u00e9e face \u00e0 la r\u00e9alit\u00e9 suisse","datePublished":"2026-04-21T11:29:03+00:00","dateModified":"2026-04-28T12:44:24+00:00","mainEntityOfPage":{"@id":"https:\/\/souverainete-suisse.ch\/2026\/04\/rudolf-minsch-leconomie-deconnectee-face-a-la-realite-suisse\/"},"wordCount":797,"publisher":{"@id":"https:\/\/souverainete-suisse.ch\/#organization"},"image":{"@id":"https:\/\/souverainete-suisse.ch\/2026\/04\/rudolf-minsch-leconomie-deconnectee-face-a-la-realite-suisse\/#primaryimage"},"thumbnailUrl":"https:\/\/souverainete-suisse.ch\/wp-content\/uploads\/2026\/04\/minsch.jpg","articleSection":["Politique int\u00e9rieure","UE"],"inLanguage":"de"},{"@type":"WebPage","@id":"https:\/\/souverainete-suisse.ch\/2026\/04\/rudolf-minsch-leconomie-deconnectee-face-a-la-realite-suisse\/","url":"https:\/\/souverainete-suisse.ch\/2026\/04\/rudolf-minsch-leconomie-deconnectee-face-a-la-realite-suisse\/","name":"\ud83c\udde8\ud83c\udded Rudolf Minsch : l\u2019\u00e9conomie d\u00e9connect\u00e9e face \u00e0 la r\u00e9alit\u00e9 suisse - Mouvement Souverainet\u00e9 Suisse","isPartOf":{"@id":"https:\/\/souverainete-suisse.ch\/#website"},"primaryImageOfPage":{"@id":"https:\/\/souverainete-suisse.ch\/2026\/04\/rudolf-minsch-leconomie-deconnectee-face-a-la-realite-suisse\/#primaryimage"},"image":{"@id":"https:\/\/souverainete-suisse.ch\/2026\/04\/rudolf-minsch-leconomie-deconnectee-face-a-la-realite-suisse\/#primaryimage"},"thumbnailUrl":"https:\/\/souverainete-suisse.ch\/wp-content\/uploads\/2026\/04\/minsch.jpg","datePublished":"2026-04-21T11:29:03+00:00","dateModified":"2026-04-28T12:44:24+00:00","description":"Immigration et croissance en Suisse : d\u00e9cryptage critique du discours d\u2019Economiesuisse. PIB, salaires, logement et souverainet\u00e9 \u2014 une analyse qui questionne le mod\u00e8le actuel et ses limites.","breadcrumb":{"@id":"https:\/\/souverainete-suisse.ch\/2026\/04\/rudolf-minsch-leconomie-deconnectee-face-a-la-realite-suisse\/#breadcrumb"},"inLanguage":"de","potentialAction":[{"@type":"ReadAction","target":["https:\/\/souverainete-suisse.ch\/2026\/04\/rudolf-minsch-leconomie-deconnectee-face-a-la-realite-suisse\/"]}]},{"@type":"ImageObject","inLanguage":"de","@id":"https:\/\/souverainete-suisse.ch\/2026\/04\/rudolf-minsch-leconomie-deconnectee-face-a-la-realite-suisse\/#primaryimage","url":"https:\/\/souverainete-suisse.ch\/wp-content\/uploads\/2026\/04\/minsch.jpg","contentUrl":"https:\/\/souverainete-suisse.ch\/wp-content\/uploads\/2026\/04\/minsch.jpg","width":1280,"height":720},{"@type":"BreadcrumbList","@id":"https:\/\/souverainete-suisse.ch\/2026\/04\/rudolf-minsch-leconomie-deconnectee-face-a-la-realite-suisse\/#breadcrumb","itemListElement":[{"@type":"ListItem","position":1,"name":"Accueil","item":"https:\/\/souverainete-suisse.ch\/"},{"@type":"ListItem","position":2,"name":"\ud83c\udde8\ud83c\udded Rudolf Minsch : l\u2019\u00e9conomie d\u00e9connect\u00e9e face \u00e0 la r\u00e9alit\u00e9 suisse"}]},{"@type":"WebSite","@id":"https:\/\/souverainete-suisse.ch\/#website","url":"https:\/\/souverainete-suisse.ch\/","name":"Bewegung Souver\u00e4ne Schweiz","description":"","publisher":{"@id":"https:\/\/souverainete-suisse.ch\/#organization"},"potentialAction":[{"@type":"SearchAction","target":{"@type":"EntryPoint","urlTemplate":"https:\/\/souverainete-suisse.ch\/?s={search_term_string}"},"query-input":{"@type":"PropertyValueSpecification","valueRequired":true,"valueName":"search_term_string"}}],"inLanguage":"de"},{"@type":"Organization","@id":"https:\/\/souverainete-suisse.ch\/#organization","name":"Bewegung Souver\u00e4ne Schweiz","url":"https:\/\/souverainete-suisse.ch\/","logo":{"@type":"ImageObject","inLanguage":"de","@id":"https:\/\/souverainete-suisse.ch\/#\/schema\/logo\/image\/","url":"https:\/\/souverainete-suisse.ch\/wp-content\/uploads\/2025\/11\/logo.png","contentUrl":"https:\/\/souverainete-suisse.ch\/wp-content\/uploads\/2025\/11\/logo.png","width":2053,"height":1461,"caption":"Mouvement Souverainet\u00e9 Suisse"},"image":{"@id":"https:\/\/souverainete-suisse.ch\/#\/schema\/logo\/image\/"}},{"@type":"Person","@id":"https:\/\/souverainete-suisse.ch\/#\/schema\/person\/b25acb547faec24a94d7215216d68cbf","name":"ludom","image":{"@type":"ImageObject","inLanguage":"de","@id":"https:\/\/souverainete-suisse.ch\/#\/schema\/person\/image\/","url":"https:\/\/secure.gravatar.com\/avatar\/77b40fd8e49e537abcea7487b290688ce92143c3443b1d3f419149c67282ffb4?s=96&d=mm&r=g","contentUrl":"https:\/\/secure.gravatar.com\/avatar\/77b40fd8e49e537abcea7487b290688ce92143c3443b1d3f419149c67282ffb4?s=96&d=mm&r=g","caption":"ludom"},"url":"http:\/\/souverainete-suisse.ch\/de\/author\/ludom\/"}]}},"_links":{"self":[{"href":"http:\/\/souverainete-suisse.ch\/de\/wp-json\/wp\/v2\/posts\/1070","targetHints":{"allow":["GET"]}}],"collection":[{"href":"http:\/\/souverainete-suisse.ch\/de\/wp-json\/wp\/v2\/posts"}],"about":[{"href":"http:\/\/souverainete-suisse.ch\/de\/wp-json\/wp\/v2\/types\/post"}],"author":[{"embeddable":true,"href":"http:\/\/souverainete-suisse.ch\/de\/wp-json\/wp\/v2\/users\/2"}],"replies":[{"embeddable":true,"href":"http:\/\/souverainete-suisse.ch\/de\/wp-json\/wp\/v2\/comments?post=1070"}],"version-history":[{"count":2,"href":"http:\/\/souverainete-suisse.ch\/de\/wp-json\/wp\/v2\/posts\/1070\/revisions"}],"predecessor-version":[{"id":1124,"href":"http:\/\/souverainete-suisse.ch\/de\/wp-json\/wp\/v2\/posts\/1070\/revisions\/1124"}],"wp:featuredmedia":[{"embeddable":true,"href":"http:\/\/souverainete-suisse.ch\/de\/wp-json\/wp\/v2\/media\/1071"}],"wp:attachment":[{"href":"http:\/\/souverainete-suisse.ch\/de\/wp-json\/wp\/v2\/media?parent=1070"}],"wp:term":[{"taxonomy":"category","embeddable":true,"href":"http:\/\/souverainete-suisse.ch\/de\/wp-json\/wp\/v2\/categories?post=1070"},{"taxonomy":"post_tag","embeddable":true,"href":"http:\/\/souverainete-suisse.ch\/de\/wp-json\/wp\/v2\/tags?post=1070"}],"curies":[{"name":"wp","href":"https:\/\/api.w.org\/{rel}","templated":true}]}}