{"id":1067,"date":"2026-04-21T13:27:04","date_gmt":"2026-04-21T11:27:04","guid":{"rendered":"https:\/\/souverainete-suisse.ch\/?p=1067"},"modified":"2026-04-28T14:44:17","modified_gmt":"2026-04-28T12:44:17","slug":"wer-entscheidet-noch-in-der-schweiz-die-schleichende-entmachtung-der-souveranitat","status":"publish","type":"post","link":"http:\/\/souverainete-suisse.ch\/de\/2026\/04\/wer-entscheidet-noch-in-der-schweiz-die-schleichende-entmachtung-der-souveranitat\/","title":{"rendered":"\ud83c\udde8\ud83c\udded Wer hat in der Schweiz noch zu entscheiden? Das langsame Abrutschen der Souver\u00e4nit\u00e4t"},"content":{"rendered":"<p>Wenn diejenigen, die vorgeben, im Namen des Volkes zu regieren, tats\u00e4chlich daran arbeiten, dessen Macht zu verringern, dann handelt es sich nicht mehr um eine politische Meinungsverschiedenheit \u2013 sondern um einen Umsturz der Prinzipien.<\/p>\n<p>W\u00e4hrend einige im Verborgenen eine immer weitergehende Integrationen in \u00e4u\u00dfere Strukturen aushandeln, bleibt die verfassungsm\u00e4\u00dfige Grundlage klar und unmissverst\u00e4ndlich: \u00abDie Souver\u00e4nit\u00e4t in der Schweiz liegt beim Volk und den Kantonen.\u00bb<\/p>\n<p>Diese Souver\u00e4nit\u00e4t ist jedoch kein Schlagwort. Sie impliziert Kontrolle, Wahlm\u00f6glichkeiten, die F\u00e4higkeit, Ja zu sagen \u2013 aber vor allem, Nein zu sagen.<\/p>\n<p>Hinter technokratischen Diskursen und Versprechungen von \u2019Harmonisierung\u201c zeichnet sich eine Realit\u00e4t ab: Kompetenz\u00fcbertragung, rechtliche Angleichung, schrittweise Verw\u00e4sserung des Volkswillens.<\/p>\n<p>Das ist keine Modernisierung.<br \/>\nDas ist ein Ausrutscher.<\/p>\n<p>Und durch st\u00e4ndiges Graben begraben einige schlie\u00dflich das, was die Schweizer Einzigartigkeit ausmacht: ein Modell, in dem der B\u00fcrger kein Zuschauer, sondern souver\u00e4n ist.<\/p>\n<p>Die Frage ist also nicht, ob diese Abkommen \u201cpraktisch\u201d oder \u201cnotwendig\u201d sind.<br \/>\nDie eigentliche Frage ist einfach:<\/p>\n<p>Wer entscheidet in der Schweiz noch? \ud83c\udde8\ud83c\udded<\/p>","protected":false},"excerpt":{"rendered":"<p>Quand ceux qui pr\u00e9tendent gouverner au nom du peuple travaillent en r\u00e9alit\u00e9 \u00e0 en r\u00e9duire le pouvoir, il ne s\u2019agit plus d\u2019un d\u00e9saccord politique \u2014 mais d\u2019un renversement de principe. Pendant que certains n\u00e9gocient dans l\u2019ombre une int\u00e9gration toujours plus pouss\u00e9e \u00e0 des structures ext\u00e9rieures, la base constitutionnelle, elle, reste claire et sans ambigu\u00eft\u00e9 : [&hellip;]<\/p>\n","protected":false},"author":2,"featured_media":1068,"comment_status":"closed","ping_status":"closed","sticky":false,"template":"","format":"standard","meta":{"footnotes":""},"categories":[8,11],"tags":[],"class_list":["post-1067","post","type-post","status-publish","format-standard","has-post-thumbnail","hentry","category-politique-interieure","category-ue"],"yoast_head":"<!-- This site is optimized with the Yoast SEO plugin v26.9 - https:\/\/yoast.com\/product\/yoast-seo-wordpress\/ -->\n<title>\ud83c\udde8\ud83c\udded Qui d\u00e9cide encore en Suisse ? Le lent glissement de la souverainet\u00e9 - Mouvement Souverainet\u00e9 Suisse<\/title>\n<meta name=\"description\" content=\"Souverainet\u00e9 suisse en question : derri\u00e8re les accords et l\u2019harmonisation, un transfert de pouvoir menace la d\u00e9mocratie directe. Qui d\u00e9cide encore en Suisse aujourd\u2019hui ?\" \/>\n<meta name=\"robots\" content=\"index, follow, max-snippet:-1, max-image-preview:large, max-video-preview:-1\" \/>\n<link rel=\"canonical\" href=\"https:\/\/souverainete-suisse.ch\/de\/2026\/04\/wer-entscheidet-noch-in-der-schweiz-die-schleichende-entmachtung-der-souveranitat\/\" \/>\n<meta property=\"og:locale\" content=\"de_DE\" \/>\n<meta property=\"og:type\" content=\"article\" \/>\n<meta property=\"og:title\" content=\"\ud83c\udde8\ud83c\udded Qui d\u00e9cide encore en Suisse ? Le lent glissement de la souverainet\u00e9 - Mouvement Souverainet\u00e9 Suisse\" \/>\n<meta property=\"og:description\" content=\"Souverainet\u00e9 suisse en question : derri\u00e8re les accords et l\u2019harmonisation, un transfert de pouvoir menace la d\u00e9mocratie directe. Qui d\u00e9cide encore en Suisse aujourd\u2019hui ?\" \/>\n<meta property=\"og:url\" content=\"https:\/\/souverainete-suisse.ch\/de\/2026\/04\/wer-entscheidet-noch-in-der-schweiz-die-schleichende-entmachtung-der-souveranitat\/\" \/>\n<meta property=\"og:site_name\" content=\"Mouvement Souverainet\u00e9 Suisse\" \/>\n<meta property=\"article:published_time\" content=\"2026-04-21T11:27:04+00:00\" \/>\n<meta property=\"article:modified_time\" content=\"2026-04-28T12:44:17+00:00\" \/>\n<meta property=\"og:image\" content=\"https:\/\/souverainete-suisse.ch\/wp-content\/uploads\/2026\/04\/Jans.jpg\" \/>\n\t<meta property=\"og:image:width\" content=\"1536\" \/>\n\t<meta property=\"og:image:height\" content=\"1024\" \/>\n\t<meta property=\"og:image:type\" content=\"image\/jpeg\" \/>\n<meta name=\"author\" content=\"ludom\" \/>\n<meta name=\"twitter:card\" content=\"summary_large_image\" \/>\n<meta name=\"twitter:label1\" content=\"Verfasst von\" \/>\n\t<meta name=\"twitter:data1\" content=\"ludom\" \/>\n\t<meta name=\"twitter:label2\" content=\"Gesch\u00e4tzte Lesezeit\" \/>\n\t<meta name=\"twitter:data2\" content=\"2\u00a0Minuten\" \/>\n<script type=\"application\/ld+json\" class=\"yoast-schema-graph\">{\"@context\":\"https:\/\/schema.org\",\"@graph\":[{\"@type\":\"Article\",\"@id\":\"https:\/\/souverainete-suisse.ch\/2026\/04\/qui-decide-encore-en-suisse-le-lent-glissement-de-la-souverainete\/#article\",\"isPartOf\":{\"@id\":\"https:\/\/souverainete-suisse.ch\/2026\/04\/qui-decide-encore-en-suisse-le-lent-glissement-de-la-souverainete\/\"},\"author\":{\"name\":\"ludom\",\"@id\":\"https:\/\/souverainete-suisse.ch\/#\/schema\/person\/b25acb547faec24a94d7215216d68cbf\"},\"headline\":\"\ud83c\udde8\ud83c\udded Qui d\u00e9cide encore en Suisse ? Le lent glissement de la souverainet\u00e9\",\"datePublished\":\"2026-04-21T11:27:04+00:00\",\"dateModified\":\"2026-04-28T12:44:17+00:00\",\"mainEntityOfPage\":{\"@id\":\"https:\/\/souverainete-suisse.ch\/2026\/04\/qui-decide-encore-en-suisse-le-lent-glissement-de-la-souverainete\/\"},\"wordCount\":201,\"publisher\":{\"@id\":\"https:\/\/souverainete-suisse.ch\/#organization\"},\"image\":{\"@id\":\"https:\/\/souverainete-suisse.ch\/2026\/04\/qui-decide-encore-en-suisse-le-lent-glissement-de-la-souverainete\/#primaryimage\"},\"thumbnailUrl\":\"https:\/\/souverainete-suisse.ch\/wp-content\/uploads\/2026\/04\/Jans.jpg\",\"articleSection\":[\"Politique int\u00e9rieure\",\"UE\"],\"inLanguage\":\"de\"},{\"@type\":\"WebPage\",\"@id\":\"https:\/\/souverainete-suisse.ch\/2026\/04\/qui-decide-encore-en-suisse-le-lent-glissement-de-la-souverainete\/\",\"url\":\"https:\/\/souverainete-suisse.ch\/2026\/04\/qui-decide-encore-en-suisse-le-lent-glissement-de-la-souverainete\/\",\"name\":\"\ud83c\udde8\ud83c\udded Qui d\u00e9cide encore en Suisse ? Le lent glissement de la souverainet\u00e9 - Mouvement Souverainet\u00e9 Suisse\",\"isPartOf\":{\"@id\":\"https:\/\/souverainete-suisse.ch\/#website\"},\"primaryImageOfPage\":{\"@id\":\"https:\/\/souverainete-suisse.ch\/2026\/04\/qui-decide-encore-en-suisse-le-lent-glissement-de-la-souverainete\/#primaryimage\"},\"image\":{\"@id\":\"https:\/\/souverainete-suisse.ch\/2026\/04\/qui-decide-encore-en-suisse-le-lent-glissement-de-la-souverainete\/#primaryimage\"},\"thumbnailUrl\":\"https:\/\/souverainete-suisse.ch\/wp-content\/uploads\/2026\/04\/Jans.jpg\",\"datePublished\":\"2026-04-21T11:27:04+00:00\",\"dateModified\":\"2026-04-28T12:44:17+00:00\",\"description\":\"Souverainet\u00e9 suisse en question : derri\u00e8re les accords et l\u2019harmonisation, un transfert de pouvoir menace la d\u00e9mocratie directe. Qui d\u00e9cide encore en Suisse aujourd\u2019hui ?\",\"breadcrumb\":{\"@id\":\"https:\/\/souverainete-suisse.ch\/2026\/04\/qui-decide-encore-en-suisse-le-lent-glissement-de-la-souverainete\/#breadcrumb\"},\"inLanguage\":\"de\",\"potentialAction\":[{\"@type\":\"ReadAction\",\"target\":[\"https:\/\/souverainete-suisse.ch\/2026\/04\/qui-decide-encore-en-suisse-le-lent-glissement-de-la-souverainete\/\"]}]},{\"@type\":\"ImageObject\",\"inLanguage\":\"de\",\"@id\":\"https:\/\/souverainete-suisse.ch\/2026\/04\/qui-decide-encore-en-suisse-le-lent-glissement-de-la-souverainete\/#primaryimage\",\"url\":\"https:\/\/souverainete-suisse.ch\/wp-content\/uploads\/2026\/04\/Jans.jpg\",\"contentUrl\":\"https:\/\/souverainete-suisse.ch\/wp-content\/uploads\/2026\/04\/Jans.jpg\",\"width\":1536,\"height\":1024},{\"@type\":\"BreadcrumbList\",\"@id\":\"https:\/\/souverainete-suisse.ch\/2026\/04\/qui-decide-encore-en-suisse-le-lent-glissement-de-la-souverainete\/#breadcrumb\",\"itemListElement\":[{\"@type\":\"ListItem\",\"position\":1,\"name\":\"Accueil\",\"item\":\"https:\/\/souverainete-suisse.ch\/\"},{\"@type\":\"ListItem\",\"position\":2,\"name\":\"\ud83c\udde8\ud83c\udded Qui d\u00e9cide encore en Suisse ? Le lent glissement de la souverainet\u00e9\"}]},{\"@type\":\"WebSite\",\"@id\":\"https:\/\/souverainete-suisse.ch\/#website\",\"url\":\"https:\/\/souverainete-suisse.ch\/\",\"name\":\"Mouvement Souverainet\u00e9 Suisse\",\"description\":\"\",\"publisher\":{\"@id\":\"https:\/\/souverainete-suisse.ch\/#organization\"},\"potentialAction\":[{\"@type\":\"SearchAction\",\"target\":{\"@type\":\"EntryPoint\",\"urlTemplate\":\"https:\/\/souverainete-suisse.ch\/?s={search_term_string}\"},\"query-input\":{\"@type\":\"PropertyValueSpecification\",\"valueRequired\":true,\"valueName\":\"search_term_string\"}}],\"inLanguage\":\"de\"},{\"@type\":\"Organization\",\"@id\":\"https:\/\/souverainete-suisse.ch\/#organization\",\"name\":\"Mouvement Souverainet\u00e9 Suisse\",\"url\":\"https:\/\/souverainete-suisse.ch\/\",\"logo\":{\"@type\":\"ImageObject\",\"inLanguage\":\"de\",\"@id\":\"https:\/\/souverainete-suisse.ch\/#\/schema\/logo\/image\/\",\"url\":\"https:\/\/souverainete-suisse.ch\/wp-content\/uploads\/2025\/11\/logo.png\",\"contentUrl\":\"https:\/\/souverainete-suisse.ch\/wp-content\/uploads\/2025\/11\/logo.png\",\"width\":2053,\"height\":1461,\"caption\":\"Mouvement Souverainet\u00e9 Suisse\"},\"image\":{\"@id\":\"https:\/\/souverainete-suisse.ch\/#\/schema\/logo\/image\/\"}},{\"@type\":\"Person\",\"@id\":\"https:\/\/souverainete-suisse.ch\/#\/schema\/person\/b25acb547faec24a94d7215216d68cbf\",\"name\":\"ludom\",\"image\":{\"@type\":\"ImageObject\",\"inLanguage\":\"de\",\"@id\":\"https:\/\/souverainete-suisse.ch\/#\/schema\/person\/image\/\",\"url\":\"https:\/\/secure.gravatar.com\/avatar\/77b40fd8e49e537abcea7487b290688ce92143c3443b1d3f419149c67282ffb4?s=96&d=mm&r=g\",\"contentUrl\":\"https:\/\/secure.gravatar.com\/avatar\/77b40fd8e49e537abcea7487b290688ce92143c3443b1d3f419149c67282ffb4?s=96&d=mm&r=g\",\"caption\":\"ludom\"},\"url\":\"http:\/\/souverainete-suisse.ch\/de\/author\/ludom\/\"}]}<\/script>\n<!-- \/ Yoast SEO plugin. -->","yoast_head_json":{"title":"\ud83c\udde8\ud83c\udded Wer entscheidet noch in der Schweiz? Das langsame Abrutschen der Souver\u00e4nit\u00e4t - Bewegung f\u00fcr ein unabh\u00e4ngiges und neutrales\u00e4tliches Schweiz","description":"Schweizer Souver\u00e4nit\u00e4t in Frage gestellt: Hinter Abkommen und Harmonisierung droht eine Machtverlagerung die direkte Demokratie zu gef\u00e4hrden. Wer entscheidet heute noch in der Schweiz?","robots":{"index":"index","follow":"follow","max-snippet":"max-snippet:-1","max-image-preview":"max-image-preview:large","max-video-preview":"max-video-preview:-1"},"canonical":"https:\/\/souverainete-suisse.ch\/de\/2026\/04\/wer-entscheidet-noch-in-der-schweiz-die-schleichende-entmachtung-der-souveranitat\/","og_locale":"de_DE","og_type":"article","og_title":"\ud83c\udde8\ud83c\udded Qui d\u00e9cide encore en Suisse ? Le lent glissement de la souverainet\u00e9 - Mouvement Souverainet\u00e9 Suisse","og_description":"Souverainet\u00e9 suisse en question : derri\u00e8re les accords et l\u2019harmonisation, un transfert de pouvoir menace la d\u00e9mocratie directe. Qui d\u00e9cide encore en Suisse aujourd\u2019hui ?","og_url":"https:\/\/souverainete-suisse.ch\/de\/2026\/04\/wer-entscheidet-noch-in-der-schweiz-die-schleichende-entmachtung-der-souveranitat\/","og_site_name":"Mouvement Souverainet\u00e9 Suisse","article_published_time":"2026-04-21T11:27:04+00:00","article_modified_time":"2026-04-28T12:44:17+00:00","og_image":[{"width":1536,"height":1024,"url":"https:\/\/souverainete-suisse.ch\/wp-content\/uploads\/2026\/04\/Jans.jpg","type":"image\/jpeg"}],"author":"ludom","twitter_card":"summary_large_image","twitter_misc":{"Verfasst von":"ludom","Gesch\u00e4tzte Lesezeit":"2\u00a0Minuten"},"schema":{"@context":"https:\/\/schema.org","@graph":[{"@type":"Article","@id":"https:\/\/souverainete-suisse.ch\/2026\/04\/qui-decide-encore-en-suisse-le-lent-glissement-de-la-souverainete\/#article","isPartOf":{"@id":"https:\/\/souverainete-suisse.ch\/2026\/04\/qui-decide-encore-en-suisse-le-lent-glissement-de-la-souverainete\/"},"author":{"name":"ludom","@id":"https:\/\/souverainete-suisse.ch\/#\/schema\/person\/b25acb547faec24a94d7215216d68cbf"},"headline":"\ud83c\udde8\ud83c\udded Qui d\u00e9cide encore en Suisse ? Le lent glissement de la souverainet\u00e9","datePublished":"2026-04-21T11:27:04+00:00","dateModified":"2026-04-28T12:44:17+00:00","mainEntityOfPage":{"@id":"https:\/\/souverainete-suisse.ch\/2026\/04\/qui-decide-encore-en-suisse-le-lent-glissement-de-la-souverainete\/"},"wordCount":201,"publisher":{"@id":"https:\/\/souverainete-suisse.ch\/#organization"},"image":{"@id":"https:\/\/souverainete-suisse.ch\/2026\/04\/qui-decide-encore-en-suisse-le-lent-glissement-de-la-souverainete\/#primaryimage"},"thumbnailUrl":"https:\/\/souverainete-suisse.ch\/wp-content\/uploads\/2026\/04\/Jans.jpg","articleSection":["Politique int\u00e9rieure","UE"],"inLanguage":"de"},{"@type":"WebPage","@id":"https:\/\/souverainete-suisse.ch\/2026\/04\/qui-decide-encore-en-suisse-le-lent-glissement-de-la-souverainete\/","url":"https:\/\/souverainete-suisse.ch\/2026\/04\/qui-decide-encore-en-suisse-le-lent-glissement-de-la-souverainete\/","name":"\ud83c\udde8\ud83c\udded Wer entscheidet noch in der Schweiz? Das langsame Abrutschen der Souver\u00e4nit\u00e4t - Bewegung f\u00fcr ein unabh\u00e4ngiges und neutrales\u00e4tliches Schweiz","isPartOf":{"@id":"https:\/\/souverainete-suisse.ch\/#website"},"primaryImageOfPage":{"@id":"https:\/\/souverainete-suisse.ch\/2026\/04\/qui-decide-encore-en-suisse-le-lent-glissement-de-la-souverainete\/#primaryimage"},"image":{"@id":"https:\/\/souverainete-suisse.ch\/2026\/04\/qui-decide-encore-en-suisse-le-lent-glissement-de-la-souverainete\/#primaryimage"},"thumbnailUrl":"https:\/\/souverainete-suisse.ch\/wp-content\/uploads\/2026\/04\/Jans.jpg","datePublished":"2026-04-21T11:27:04+00:00","dateModified":"2026-04-28T12:44:17+00:00","description":"Schweizer Souver\u00e4nit\u00e4t in Frage gestellt: Hinter Abkommen und Harmonisierung droht eine Machtverlagerung die direkte Demokratie zu gef\u00e4hrden. Wer entscheidet heute noch in der Schweiz?","breadcrumb":{"@id":"https:\/\/souverainete-suisse.ch\/2026\/04\/qui-decide-encore-en-suisse-le-lent-glissement-de-la-souverainete\/#breadcrumb"},"inLanguage":"de","potentialAction":[{"@type":"ReadAction","target":["https:\/\/souverainete-suisse.ch\/2026\/04\/qui-decide-encore-en-suisse-le-lent-glissement-de-la-souverainete\/"]}]},{"@type":"ImageObject","inLanguage":"de","@id":"https:\/\/souverainete-suisse.ch\/2026\/04\/qui-decide-encore-en-suisse-le-lent-glissement-de-la-souverainete\/#primaryimage","url":"https:\/\/souverainete-suisse.ch\/wp-content\/uploads\/2026\/04\/Jans.jpg","contentUrl":"https:\/\/souverainete-suisse.ch\/wp-content\/uploads\/2026\/04\/Jans.jpg","width":1536,"height":1024},{"@type":"BreadcrumbList","@id":"https:\/\/souverainete-suisse.ch\/2026\/04\/qui-decide-encore-en-suisse-le-lent-glissement-de-la-souverainete\/#breadcrumb","itemListElement":[{"@type":"ListItem","position":1,"name":"Accueil","item":"https:\/\/souverainete-suisse.ch\/"},{"@type":"ListItem","position":2,"name":"\ud83c\udde8\ud83c\udded Qui d\u00e9cide encore en Suisse ? Le lent glissement de la souverainet\u00e9"}]},{"@type":"WebSite","@id":"https:\/\/souverainete-suisse.ch\/#website","url":"https:\/\/souverainete-suisse.ch\/","name":"Bewegung Souver\u00e4ne Schweiz","description":"","publisher":{"@id":"https:\/\/souverainete-suisse.ch\/#organization"},"potentialAction":[{"@type":"SearchAction","target":{"@type":"EntryPoint","urlTemplate":"https:\/\/souverainete-suisse.ch\/?s={search_term_string}"},"query-input":{"@type":"PropertyValueSpecification","valueRequired":true,"valueName":"search_term_string"}}],"inLanguage":"de"},{"@type":"Organization","@id":"https:\/\/souverainete-suisse.ch\/#organization","name":"Bewegung Souver\u00e4ne Schweiz","url":"https:\/\/souverainete-suisse.ch\/","logo":{"@type":"ImageObject","inLanguage":"de","@id":"https:\/\/souverainete-suisse.ch\/#\/schema\/logo\/image\/","url":"https:\/\/souverainete-suisse.ch\/wp-content\/uploads\/2025\/11\/logo.png","contentUrl":"https:\/\/souverainete-suisse.ch\/wp-content\/uploads\/2025\/11\/logo.png","width":2053,"height":1461,"caption":"Mouvement Souverainet\u00e9 Suisse"},"image":{"@id":"https:\/\/souverainete-suisse.ch\/#\/schema\/logo\/image\/"}},{"@type":"Person","@id":"https:\/\/souverainete-suisse.ch\/#\/schema\/person\/b25acb547faec24a94d7215216d68cbf","name":"ludom","image":{"@type":"ImageObject","inLanguage":"de","@id":"https:\/\/souverainete-suisse.ch\/#\/schema\/person\/image\/","url":"https:\/\/secure.gravatar.com\/avatar\/77b40fd8e49e537abcea7487b290688ce92143c3443b1d3f419149c67282ffb4?s=96&d=mm&r=g","contentUrl":"https:\/\/secure.gravatar.com\/avatar\/77b40fd8e49e537abcea7487b290688ce92143c3443b1d3f419149c67282ffb4?s=96&d=mm&r=g","caption":"ludom"},"url":"http:\/\/souverainete-suisse.ch\/de\/author\/ludom\/"}]}},"_links":{"self":[{"href":"http:\/\/souverainete-suisse.ch\/de\/wp-json\/wp\/v2\/posts\/1067","targetHints":{"allow":["GET"]}}],"collection":[{"href":"http:\/\/souverainete-suisse.ch\/de\/wp-json\/wp\/v2\/posts"}],"about":[{"href":"http:\/\/souverainete-suisse.ch\/de\/wp-json\/wp\/v2\/types\/post"}],"author":[{"embeddable":true,"href":"http:\/\/souverainete-suisse.ch\/de\/wp-json\/wp\/v2\/users\/2"}],"replies":[{"embeddable":true,"href":"http:\/\/souverainete-suisse.ch\/de\/wp-json\/wp\/v2\/comments?post=1067"}],"version-history":[{"count":2,"href":"http:\/\/souverainete-suisse.ch\/de\/wp-json\/wp\/v2\/posts\/1067\/revisions"}],"predecessor-version":[{"id":1123,"href":"http:\/\/souverainete-suisse.ch\/de\/wp-json\/wp\/v2\/posts\/1067\/revisions\/1123"}],"wp:featuredmedia":[{"embeddable":true,"href":"http:\/\/souverainete-suisse.ch\/de\/wp-json\/wp\/v2\/media\/1068"}],"wp:attachment":[{"href":"http:\/\/souverainete-suisse.ch\/de\/wp-json\/wp\/v2\/media?parent=1067"}],"wp:term":[{"taxonomy":"category","embeddable":true,"href":"http:\/\/souverainete-suisse.ch\/de\/wp-json\/wp\/v2\/categories?post=1067"},{"taxonomy":"post_tag","embeddable":true,"href":"http:\/\/souverainete-suisse.ch\/de\/wp-json\/wp\/v2\/tags?post=1067"}],"curies":[{"name":"wp","href":"https:\/\/api.w.org\/{rel}","templated":true}]}}