{"id":1058,"date":"2026-04-17T14:53:37","date_gmt":"2026-04-17T12:53:37","guid":{"rendered":"https:\/\/souverainete-suisse.ch\/?p=1058"},"modified":"2026-04-17T14:53:37","modified_gmt":"2026-04-17T12:53:37","slug":"die-fabrik-der-angst-im-dienste-der-propaganda-aufbauen","status":"publish","type":"post","link":"http:\/\/souverainete-suisse.ch\/de\/2026\/04\/die-fabrik-der-angst-im-dienste-der-propaganda-aufbauen\/","title":{"rendered":"FER: die Fabrik der Angst im Dienste der Propaganda"},"content":{"rendered":"<p>Wenn eine Organisation, die eigentlich die Wirtschaft verteidigen soll, in die Inszenierung von Angst abgleitet, ist das kein Diskurs mehr \u2013 es ist ein Einflussversuch. Mit d\u00fcsteren Bildern, simplen Slogans und Katastrophenszenarien gibt die FER die Argumentation zugunsten der Manipulation auf. Hinter diesen Schockbildern verbirgt sich eine klare Strategie: das Nachdenken zu umgehen und die Meinung zu lenken. Doch indem sie die B\u00fcrger eher als ein zu \u00fcberzeugendes Publikum denn als ein zu respektierendes ansieht, setzt die F\u00f6deration ihre eigene Glaubw\u00fcrdigkeit aufs Spiel.<\/p>\n<p>&nbsp;<\/p>\n<p id=\"ember1531\" class=\"ember-view reader-text-block__paragraph\"><strong>Die F\u00f6deration der Westschweizer Unternehmen<\/strong> (FER) macht keine wirtschaftliche Vertretung mehr. Sie betreibt Propaganda. Und nicht die subtilste: eine grobe, be\u00e4ngstigende, fast karikaturhafte Inszenierung, die eine komplexe demokratische Debatte auf sorgf\u00e4ltig zur Schau gestellte Ur\u00e4ngste reduziert.<\/p>\n<p id=\"ember1532\" class=\"ember-view reader-text-block__paragraph\">Das Sch\u00fcren von Bildern \u00ablebensloser Stadtteile\u00bb und das Heraufbeschw\u00f6ren des Geistes einer \u00abkindlosen Schweiz\u00bb sind keine Argumente. <strong>Das ist eine psychologische Manipulationsmethode, die sich der schlimmsten Marketingkniffe bedient: Angst erzeugen, extrem vereinfachen und dann die Reaktion steuern.<\/strong> Wir sind nicht mehr in der Analyse, sondern im Verkauf. Wie Waschmittelverk\u00e4ufer, die mit leeren Slogans und Schockbildern eine sauberere Welt versprechen.<\/p>\n<p id=\"ember1533\" class=\"ember-view reader-text-block__paragraph\">Was beunruhigend ist, ist nicht nur die Botschaft. <strong>Das ist die Verachtung, die er f\u00fcr die Intelligenz der B\u00fcrger offenbart<\/strong>. Zu glauben, ein Volk, das an direkte Demokratie gew\u00f6hnt ist, lasse sich von derart offensichtlichen F\u00e4den lenken, zeugt von einer gewissen Arroganz.<\/p>\n<p id=\"ember1534\" class=\"ember-view reader-text-block__paragraph\">Mit ihrem Bestreben, um jeden Preis Einfluss zu nehmen, schadet die FER dem, was sie zu verteidigen vorgibt. <strong>Sie diskreditiert die \u00f6konomische Stimme, schw\u00e4cht die \u00f6ffentliche Debatte und setzt die von ihr vertretenen Unternehmen einem berechtigten Gegenschlag aus.<\/strong> Viele von ihnen verdienen besseres als dystopische, nuancenlose, rigorose, skrupellose Kommunikation.<\/p>\n<p id=\"ember1535\" class=\"ember-view reader-text-block__paragraph\">Eine Organisation, die eigentlich f\u00fcr die Ernsthaftigkeit und Verantwortung des westschweizerischen Wirtschaftsgef\u00fcges stehen soll, verwandelt sich hier in eine Slogan-Maschine. Und das, ja, das ist <strong>eine wahre Schande f\u00fcr die Genfer Unternehmen, die mit dieser Vorstellung in Verbindung gebracht werden.<\/strong><\/p>","protected":false},"excerpt":{"rendered":"<p>Quand une organisation cens\u00e9e d\u00e9fendre l\u2019\u00e9conomie bascule dans la mise en sc\u00e8ne de la peur, ce n\u2019est plus un d\u00e9bat \u2014 c\u2019est une tentative d\u2019influence. Avec des visuels sombres, des slogans simplistes et des sc\u00e9narios catastrophes, la FER abandonne l\u2019argumentation pour la manipulation. Derri\u00e8re ces images choc, une strat\u00e9gie claire : court-circuiter la r\u00e9flexion et [&hellip;]<\/p>\n","protected":false},"author":2,"featured_media":1059,"comment_status":"closed","ping_status":"closed","sticky":false,"template":"","format":"standard","meta":{"footnotes":""},"categories":[8,11],"tags":[],"class_list":["post-1058","post","type-post","status-publish","format-standard","has-post-thumbnail","hentry","category-politique-interieure","category-ue"],"yoast_head":"<!-- This site is optimized with the Yoast SEO plugin v26.9 - https:\/\/yoast.com\/product\/yoast-seo-wordpress\/ -->\n<title>FER : la fabrique de la peur au service de la propagande - Mouvement Souverainet\u00e9 Suisse<\/title>\n<meta name=\"description\" content=\"FER : une communication jug\u00e9e propagandiste et anxiog\u00e8ne, accus\u00e9e de manipuler le d\u00e9bat d\u00e9mocratique avec des slogans simplistes, au risque de d\u00e9cr\u00e9dibiliser la parole \u00e9conomique et d\u2019affaiblir la confiance des citoyens.\" \/>\n<meta name=\"robots\" content=\"index, follow, max-snippet:-1, max-image-preview:large, max-video-preview:-1\" \/>\n<link rel=\"canonical\" href=\"https:\/\/souverainete-suisse.ch\/de\/2026\/04\/die-fabrik-der-angst-im-dienste-der-propaganda-aufbauen\/\" \/>\n<meta property=\"og:locale\" content=\"de_DE\" \/>\n<meta property=\"og:type\" content=\"article\" \/>\n<meta property=\"og:title\" content=\"FER : la fabrique de la peur au service de la propagande - Mouvement Souverainet\u00e9 Suisse\" \/>\n<meta property=\"og:description\" content=\"FER : une communication jug\u00e9e propagandiste et anxiog\u00e8ne, accus\u00e9e de manipuler le d\u00e9bat d\u00e9mocratique avec des slogans simplistes, au risque de d\u00e9cr\u00e9dibiliser la parole \u00e9conomique et d\u2019affaiblir la confiance des citoyens.\" \/>\n<meta property=\"og:url\" content=\"https:\/\/souverainete-suisse.ch\/de\/2026\/04\/die-fabrik-der-angst-im-dienste-der-propaganda-aufbauen\/\" \/>\n<meta property=\"og:site_name\" content=\"Mouvement Souverainet\u00e9 Suisse\" \/>\n<meta property=\"article:published_time\" content=\"2026-04-17T12:53:37+00:00\" \/>\n<meta property=\"og:image\" content=\"https:\/\/souverainete-suisse.ch\/wp-content\/uploads\/2026\/04\/Suissesansenfants.jpg\" \/>\n\t<meta property=\"og:image:width\" content=\"1536\" \/>\n\t<meta property=\"og:image:height\" content=\"1024\" \/>\n\t<meta property=\"og:image:type\" content=\"image\/jpeg\" \/>\n<meta name=\"author\" content=\"ludom\" \/>\n<meta name=\"twitter:card\" content=\"summary_large_image\" \/>\n<meta name=\"twitter:label1\" content=\"Verfasst von\" \/>\n\t<meta name=\"twitter:data1\" content=\"ludom\" \/>\n\t<meta name=\"twitter:label2\" content=\"Gesch\u00e4tzte Lesezeit\" \/>\n\t<meta name=\"twitter:data2\" content=\"2\u00a0Minuten\" \/>\n<script type=\"application\/ld+json\" class=\"yoast-schema-graph\">{\"@context\":\"https:\/\/schema.org\",\"@graph\":[{\"@type\":\"Article\",\"@id\":\"https:\/\/souverainete-suisse.ch\/2026\/04\/fer-la-fabrique-de-la-peur-au-service-de-la-propagande\/#article\",\"isPartOf\":{\"@id\":\"https:\/\/souverainete-suisse.ch\/2026\/04\/fer-la-fabrique-de-la-peur-au-service-de-la-propagande\/\"},\"author\":{\"name\":\"ludom\",\"@id\":\"https:\/\/souverainete-suisse.ch\/#\/schema\/person\/b25acb547faec24a94d7215216d68cbf\"},\"headline\":\"FER : la fabrique de la peur au service de la propagande\",\"datePublished\":\"2026-04-17T12:53:37+00:00\",\"mainEntityOfPage\":{\"@id\":\"https:\/\/souverainete-suisse.ch\/2026\/04\/fer-la-fabrique-de-la-peur-au-service-de-la-propagande\/\"},\"wordCount\":392,\"publisher\":{\"@id\":\"https:\/\/souverainete-suisse.ch\/#organization\"},\"image\":{\"@id\":\"https:\/\/souverainete-suisse.ch\/2026\/04\/fer-la-fabrique-de-la-peur-au-service-de-la-propagande\/#primaryimage\"},\"thumbnailUrl\":\"https:\/\/souverainete-suisse.ch\/wp-content\/uploads\/2026\/04\/Suissesansenfants.jpg\",\"articleSection\":[\"Politique int\u00e9rieure\",\"UE\"],\"inLanguage\":\"de\"},{\"@type\":\"WebPage\",\"@id\":\"https:\/\/souverainete-suisse.ch\/2026\/04\/fer-la-fabrique-de-la-peur-au-service-de-la-propagande\/\",\"url\":\"https:\/\/souverainete-suisse.ch\/2026\/04\/fer-la-fabrique-de-la-peur-au-service-de-la-propagande\/\",\"name\":\"FER : la fabrique de la peur au service de la propagande - Mouvement Souverainet\u00e9 Suisse\",\"isPartOf\":{\"@id\":\"https:\/\/souverainete-suisse.ch\/#website\"},\"primaryImageOfPage\":{\"@id\":\"https:\/\/souverainete-suisse.ch\/2026\/04\/fer-la-fabrique-de-la-peur-au-service-de-la-propagande\/#primaryimage\"},\"image\":{\"@id\":\"https:\/\/souverainete-suisse.ch\/2026\/04\/fer-la-fabrique-de-la-peur-au-service-de-la-propagande\/#primaryimage\"},\"thumbnailUrl\":\"https:\/\/souverainete-suisse.ch\/wp-content\/uploads\/2026\/04\/Suissesansenfants.jpg\",\"datePublished\":\"2026-04-17T12:53:37+00:00\",\"description\":\"FER : une communication jug\u00e9e propagandiste et anxiog\u00e8ne, accus\u00e9e de manipuler le d\u00e9bat d\u00e9mocratique avec des slogans simplistes, au risque de d\u00e9cr\u00e9dibiliser la parole \u00e9conomique et d\u2019affaiblir la confiance des citoyens.\",\"breadcrumb\":{\"@id\":\"https:\/\/souverainete-suisse.ch\/2026\/04\/fer-la-fabrique-de-la-peur-au-service-de-la-propagande\/#breadcrumb\"},\"inLanguage\":\"de\",\"potentialAction\":[{\"@type\":\"ReadAction\",\"target\":[\"https:\/\/souverainete-suisse.ch\/2026\/04\/fer-la-fabrique-de-la-peur-au-service-de-la-propagande\/\"]}]},{\"@type\":\"ImageObject\",\"inLanguage\":\"de\",\"@id\":\"https:\/\/souverainete-suisse.ch\/2026\/04\/fer-la-fabrique-de-la-peur-au-service-de-la-propagande\/#primaryimage\",\"url\":\"https:\/\/souverainete-suisse.ch\/wp-content\/uploads\/2026\/04\/Suissesansenfants.jpg\",\"contentUrl\":\"https:\/\/souverainete-suisse.ch\/wp-content\/uploads\/2026\/04\/Suissesansenfants.jpg\",\"width\":1536,\"height\":1024},{\"@type\":\"BreadcrumbList\",\"@id\":\"https:\/\/souverainete-suisse.ch\/2026\/04\/fer-la-fabrique-de-la-peur-au-service-de-la-propagande\/#breadcrumb\",\"itemListElement\":[{\"@type\":\"ListItem\",\"position\":1,\"name\":\"Accueil\",\"item\":\"https:\/\/souverainete-suisse.ch\/\"},{\"@type\":\"ListItem\",\"position\":2,\"name\":\"FER : la fabrique de la peur au service de la propagande\"}]},{\"@type\":\"WebSite\",\"@id\":\"https:\/\/souverainete-suisse.ch\/#website\",\"url\":\"https:\/\/souverainete-suisse.ch\/\",\"name\":\"Mouvement Souverainet\u00e9 Suisse\",\"description\":\"\",\"publisher\":{\"@id\":\"https:\/\/souverainete-suisse.ch\/#organization\"},\"potentialAction\":[{\"@type\":\"SearchAction\",\"target\":{\"@type\":\"EntryPoint\",\"urlTemplate\":\"https:\/\/souverainete-suisse.ch\/?s={search_term_string}\"},\"query-input\":{\"@type\":\"PropertyValueSpecification\",\"valueRequired\":true,\"valueName\":\"search_term_string\"}}],\"inLanguage\":\"de\"},{\"@type\":\"Organization\",\"@id\":\"https:\/\/souverainete-suisse.ch\/#organization\",\"name\":\"Mouvement Souverainet\u00e9 Suisse\",\"url\":\"https:\/\/souverainete-suisse.ch\/\",\"logo\":{\"@type\":\"ImageObject\",\"inLanguage\":\"de\",\"@id\":\"https:\/\/souverainete-suisse.ch\/#\/schema\/logo\/image\/\",\"url\":\"https:\/\/souverainete-suisse.ch\/wp-content\/uploads\/2025\/11\/logo.png\",\"contentUrl\":\"https:\/\/souverainete-suisse.ch\/wp-content\/uploads\/2025\/11\/logo.png\",\"width\":2053,\"height\":1461,\"caption\":\"Mouvement Souverainet\u00e9 Suisse\"},\"image\":{\"@id\":\"https:\/\/souverainete-suisse.ch\/#\/schema\/logo\/image\/\"}},{\"@type\":\"Person\",\"@id\":\"https:\/\/souverainete-suisse.ch\/#\/schema\/person\/b25acb547faec24a94d7215216d68cbf\",\"name\":\"ludom\",\"image\":{\"@type\":\"ImageObject\",\"inLanguage\":\"de\",\"@id\":\"https:\/\/souverainete-suisse.ch\/#\/schema\/person\/image\/\",\"url\":\"https:\/\/secure.gravatar.com\/avatar\/77b40fd8e49e537abcea7487b290688ce92143c3443b1d3f419149c67282ffb4?s=96&d=mm&r=g\",\"contentUrl\":\"https:\/\/secure.gravatar.com\/avatar\/77b40fd8e49e537abcea7487b290688ce92143c3443b1d3f419149c67282ffb4?s=96&d=mm&r=g\",\"caption\":\"ludom\"},\"url\":\"http:\/\/souverainete-suisse.ch\/de\/author\/ludom\/\"}]}<\/script>\n<!-- \/ Yoast SEO plugin. -->","yoast_head_json":{"title":"FER : Die Fabrik der Angst im Dienste der Propaganda - Bewegung Souver\u00e4nit\u00e4t Schweiz","description":"FER: eine als propagandistisch und angstausl\u00f6send empfundene Kommunikation, die beschuldigt wird, die demokratische Debatte mit simplen Slogans zu manipulieren, was die Glaubw\u00fcrdigkeit \u00f6konomischer Aussagen untergr\u00e4bt und das Vertrauen der B\u00fcrger schw\u00e4cht.","robots":{"index":"index","follow":"follow","max-snippet":"max-snippet:-1","max-image-preview":"max-image-preview:large","max-video-preview":"max-video-preview:-1"},"canonical":"https:\/\/souverainete-suisse.ch\/de\/2026\/04\/die-fabrik-der-angst-im-dienste-der-propaganda-aufbauen\/","og_locale":"de_DE","og_type":"article","og_title":"FER : la fabrique de la peur au service de la propagande - Mouvement Souverainet\u00e9 Suisse","og_description":"FER : une communication jug\u00e9e propagandiste et anxiog\u00e8ne, accus\u00e9e de manipuler le d\u00e9bat d\u00e9mocratique avec des slogans simplistes, au risque de d\u00e9cr\u00e9dibiliser la parole \u00e9conomique et d\u2019affaiblir la confiance des citoyens.","og_url":"https:\/\/souverainete-suisse.ch\/de\/2026\/04\/die-fabrik-der-angst-im-dienste-der-propaganda-aufbauen\/","og_site_name":"Mouvement Souverainet\u00e9 Suisse","article_published_time":"2026-04-17T12:53:37+00:00","og_image":[{"width":1536,"height":1024,"url":"https:\/\/souverainete-suisse.ch\/wp-content\/uploads\/2026\/04\/Suissesansenfants.jpg","type":"image\/jpeg"}],"author":"ludom","twitter_card":"summary_large_image","twitter_misc":{"Verfasst von":"ludom","Gesch\u00e4tzte Lesezeit":"2\u00a0Minuten"},"schema":{"@context":"https:\/\/schema.org","@graph":[{"@type":"Article","@id":"https:\/\/souverainete-suisse.ch\/2026\/04\/fer-la-fabrique-de-la-peur-au-service-de-la-propagande\/#article","isPartOf":{"@id":"https:\/\/souverainete-suisse.ch\/2026\/04\/fer-la-fabrique-de-la-peur-au-service-de-la-propagande\/"},"author":{"name":"ludom","@id":"https:\/\/souverainete-suisse.ch\/#\/schema\/person\/b25acb547faec24a94d7215216d68cbf"},"headline":"FER : la fabrique de la peur au service de la propagande","datePublished":"2026-04-17T12:53:37+00:00","mainEntityOfPage":{"@id":"https:\/\/souverainete-suisse.ch\/2026\/04\/fer-la-fabrique-de-la-peur-au-service-de-la-propagande\/"},"wordCount":392,"publisher":{"@id":"https:\/\/souverainete-suisse.ch\/#organization"},"image":{"@id":"https:\/\/souverainete-suisse.ch\/2026\/04\/fer-la-fabrique-de-la-peur-au-service-de-la-propagande\/#primaryimage"},"thumbnailUrl":"https:\/\/souverainete-suisse.ch\/wp-content\/uploads\/2026\/04\/Suissesansenfants.jpg","articleSection":["Politique int\u00e9rieure","UE"],"inLanguage":"de"},{"@type":"WebPage","@id":"https:\/\/souverainete-suisse.ch\/2026\/04\/fer-la-fabrique-de-la-peur-au-service-de-la-propagande\/","url":"https:\/\/souverainete-suisse.ch\/2026\/04\/fer-la-fabrique-de-la-peur-au-service-de-la-propagande\/","name":"FER : Die Fabrik der Angst im Dienste der Propaganda - Bewegung Souver\u00e4nit\u00e4t Schweiz","isPartOf":{"@id":"https:\/\/souverainete-suisse.ch\/#website"},"primaryImageOfPage":{"@id":"https:\/\/souverainete-suisse.ch\/2026\/04\/fer-la-fabrique-de-la-peur-au-service-de-la-propagande\/#primaryimage"},"image":{"@id":"https:\/\/souverainete-suisse.ch\/2026\/04\/fer-la-fabrique-de-la-peur-au-service-de-la-propagande\/#primaryimage"},"thumbnailUrl":"https:\/\/souverainete-suisse.ch\/wp-content\/uploads\/2026\/04\/Suissesansenfants.jpg","datePublished":"2026-04-17T12:53:37+00:00","description":"FER: eine als propagandistisch und angstausl\u00f6send empfundene Kommunikation, die beschuldigt wird, die demokratische Debatte mit simplen Slogans zu manipulieren, was die Glaubw\u00fcrdigkeit \u00f6konomischer Aussagen untergr\u00e4bt und das Vertrauen der B\u00fcrger schw\u00e4cht.","breadcrumb":{"@id":"https:\/\/souverainete-suisse.ch\/2026\/04\/fer-la-fabrique-de-la-peur-au-service-de-la-propagande\/#breadcrumb"},"inLanguage":"de","potentialAction":[{"@type":"ReadAction","target":["https:\/\/souverainete-suisse.ch\/2026\/04\/fer-la-fabrique-de-la-peur-au-service-de-la-propagande\/"]}]},{"@type":"ImageObject","inLanguage":"de","@id":"https:\/\/souverainete-suisse.ch\/2026\/04\/fer-la-fabrique-de-la-peur-au-service-de-la-propagande\/#primaryimage","url":"https:\/\/souverainete-suisse.ch\/wp-content\/uploads\/2026\/04\/Suissesansenfants.jpg","contentUrl":"https:\/\/souverainete-suisse.ch\/wp-content\/uploads\/2026\/04\/Suissesansenfants.jpg","width":1536,"height":1024},{"@type":"BreadcrumbList","@id":"https:\/\/souverainete-suisse.ch\/2026\/04\/fer-la-fabrique-de-la-peur-au-service-de-la-propagande\/#breadcrumb","itemListElement":[{"@type":"ListItem","position":1,"name":"Accueil","item":"https:\/\/souverainete-suisse.ch\/"},{"@type":"ListItem","position":2,"name":"FER : la fabrique de la peur au service de la propagande"}]},{"@type":"WebSite","@id":"https:\/\/souverainete-suisse.ch\/#website","url":"https:\/\/souverainete-suisse.ch\/","name":"Bewegung Souver\u00e4ne Schweiz","description":"","publisher":{"@id":"https:\/\/souverainete-suisse.ch\/#organization"},"potentialAction":[{"@type":"SearchAction","target":{"@type":"EntryPoint","urlTemplate":"https:\/\/souverainete-suisse.ch\/?s={search_term_string}"},"query-input":{"@type":"PropertyValueSpecification","valueRequired":true,"valueName":"search_term_string"}}],"inLanguage":"de"},{"@type":"Organization","@id":"https:\/\/souverainete-suisse.ch\/#organization","name":"Bewegung Souver\u00e4ne Schweiz","url":"https:\/\/souverainete-suisse.ch\/","logo":{"@type":"ImageObject","inLanguage":"de","@id":"https:\/\/souverainete-suisse.ch\/#\/schema\/logo\/image\/","url":"https:\/\/souverainete-suisse.ch\/wp-content\/uploads\/2025\/11\/logo.png","contentUrl":"https:\/\/souverainete-suisse.ch\/wp-content\/uploads\/2025\/11\/logo.png","width":2053,"height":1461,"caption":"Mouvement Souverainet\u00e9 Suisse"},"image":{"@id":"https:\/\/souverainete-suisse.ch\/#\/schema\/logo\/image\/"}},{"@type":"Person","@id":"https:\/\/souverainete-suisse.ch\/#\/schema\/person\/b25acb547faec24a94d7215216d68cbf","name":"ludom","image":{"@type":"ImageObject","inLanguage":"de","@id":"https:\/\/souverainete-suisse.ch\/#\/schema\/person\/image\/","url":"https:\/\/secure.gravatar.com\/avatar\/77b40fd8e49e537abcea7487b290688ce92143c3443b1d3f419149c67282ffb4?s=96&d=mm&r=g","contentUrl":"https:\/\/secure.gravatar.com\/avatar\/77b40fd8e49e537abcea7487b290688ce92143c3443b1d3f419149c67282ffb4?s=96&d=mm&r=g","caption":"ludom"},"url":"http:\/\/souverainete-suisse.ch\/de\/author\/ludom\/"}]}},"_links":{"self":[{"href":"http:\/\/souverainete-suisse.ch\/de\/wp-json\/wp\/v2\/posts\/1058","targetHints":{"allow":["GET"]}}],"collection":[{"href":"http:\/\/souverainete-suisse.ch\/de\/wp-json\/wp\/v2\/posts"}],"about":[{"href":"http:\/\/souverainete-suisse.ch\/de\/wp-json\/wp\/v2\/types\/post"}],"author":[{"embeddable":true,"href":"http:\/\/souverainete-suisse.ch\/de\/wp-json\/wp\/v2\/users\/2"}],"replies":[{"embeddable":true,"href":"http:\/\/souverainete-suisse.ch\/de\/wp-json\/wp\/v2\/comments?post=1058"}],"version-history":[{"count":1,"href":"http:\/\/souverainete-suisse.ch\/de\/wp-json\/wp\/v2\/posts\/1058\/revisions"}],"predecessor-version":[{"id":1060,"href":"http:\/\/souverainete-suisse.ch\/de\/wp-json\/wp\/v2\/posts\/1058\/revisions\/1060"}],"wp:featuredmedia":[{"embeddable":true,"href":"http:\/\/souverainete-suisse.ch\/de\/wp-json\/wp\/v2\/media\/1059"}],"wp:attachment":[{"href":"http:\/\/souverainete-suisse.ch\/de\/wp-json\/wp\/v2\/media?parent=1058"}],"wp:term":[{"taxonomy":"category","embeddable":true,"href":"http:\/\/souverainete-suisse.ch\/de\/wp-json\/wp\/v2\/categories?post=1058"},{"taxonomy":"post_tag","embeddable":true,"href":"http:\/\/souverainete-suisse.ch\/de\/wp-json\/wp\/v2\/tags?post=1058"}],"curies":[{"name":"wp","href":"https:\/\/api.w.org\/{rel}","templated":true}]}}