{"id":1052,"date":"2026-04-17T14:46:39","date_gmt":"2026-04-17T12:46:39","guid":{"rendered":"https:\/\/souverainete-suisse.ch\/?p=1052"},"modified":"2026-04-17T14:46:39","modified_gmt":"2026-04-17T12:46:39","slug":"schweiz-die-gegenwahrheiten-von-simon-michel-auf-dem-prufstand","status":"publish","type":"post","link":"http:\/\/souverainete-suisse.ch\/de\/2026\/04\/schweiz-die-gegenwahrheiten-von-simon-michel-auf-dem-prufstand\/","title":{"rendered":"Schweiz-EU: Simon Michels Falschaussagen unter der Lupe"},"content":{"rendered":"<p>Unter dem Deckmantel des wirtschaftlichen Pragmatismus versuchen einige Politiker, eine tiefgreifende Transformation unseres Systems als belanglos darzustellen. Hinter beruhigenden Worten und Stabilit\u00e4tsversprechen verbirgt sich eine ganz andere Realit\u00e4t: eine schrittweise, lautlose juristische Integration, die sich dem demokratischen Diskurs entzieht. Das j\u00fcngste Beispiel f\u00fcr die Haltungen von Simon Michel ist die perfekte Illustration daf\u00fcr \u2013 und verdient eine ungeschminkte Betrachtung.<\/p>\n<p>&nbsp;<\/p>\n<p id=\"ember1010\" class=\"ember-view reader-text-block__paragraph\"><em>Nebelspalter, 7. April 2026<\/em><\/p>\n<p id=\"ember1011\" class=\"ember-view reader-text-block__paragraph\">In der Debatte \u00fcber die Beziehungen zwischen der Schweiz und der EU zielen einige \u00c4usserungen weniger auf Aufkl\u00e4rung als auf Beruhigung ab. Dies gilt f\u00fcr die Aussagen von Simon Michel, FDP-Nationalrat und Mitglied des erweiterten Vorstands von economiesuisse.<\/p>\n<p id=\"ember1012\" class=\"ember-view reader-text-block__paragraph\">Als p\u00e4dagogisch dargestellte Aussagen halten einer strengen juristischen und wirtschaftlichen Analyse nicht stand. Punkt f\u00fcr Punkt wird dies dargelegt.<\/p>\n<h3 id=\"ember1013\" class=\"ember-view reader-text-block__heading-3\">\u00ab Nur schweizerisches Recht gilt \u00bb: eine irref\u00fchrende Darstellung<\/h3>\n<p id=\"ember1014\" class=\"ember-view reader-text-block__paragraph\">Simon Michel behauptet, die Abkommen w\u00fcrden lediglich internationale Verpflichtungen in Schweizer Recht \u00fcberf\u00fchren, das souver\u00e4n bleiben w\u00fcrde.<\/p>\n<p id=\"ember1015\" class=\"ember-view reader-text-block__paragraph\">Diese Lesung ist unvollst\u00e4ndig.<\/p>\n<p id=\"ember1016\" class=\"ember-view reader-text-block__paragraph\">Die diskutierten Mechanismen basieren genau auf einem <strong>Dynamische Fortentwicklung des EU-Rechts<\/strong> in den abgedeckten Bereichen. Dies beinhaltet:<\/p>\n<ul>\n<li>eine fortlaufende Anpassung des Schweizer Rechts an europ\u00e4ische Entwicklungen<\/li>\n<li>ohne Beteiligung der Schweiz am EU-Gesetzgebungsprozess<\/li>\n<li>mit begrenzten und potenziell sanktionierten Ablehnungsquoten<\/li>\n<\/ul>\n<p id=\"ember1018\" class=\"ember-view reader-text-block__paragraph\">Das Schweizer Recht wird somit zu einem Vollstreckungsinstrument und nicht mehr zu einer autonomen Entscheidungsquelle.<\/p>\n<h3 id=\"ember1019\" class=\"ember-view reader-text-block__heading-3\">2. \u00abEU-Verordnungen betreffen uns nicht\u00bb: juristisch falsch<\/h3>\n<p id=\"ember1020\" class=\"ember-view reader-text-block__paragraph\">Zu behaupten, dass europ\u00e4ische Verordnungen nicht f\u00fcr die Schweiz gelten, ignoriert das Funktionieren der bilateralen Abkommen.<\/p>\n<p id=\"ember1021\" class=\"ember-view reader-text-block__paragraph\">In der Tat:<\/p>\n<ul>\n<li>die sektoriellen Abkommen integrieren ganze Bereiche von europ\u00e4ischen Normen<\/li>\n<li>Diese Normen haben bindende Wirkung, unabh\u00e4ngig davon, ob sie unmittelbar anwendbar sind oder \u00fcbertragen werden<\/li>\n<\/ul>\n<p id=\"ember1023\" class=\"ember-view reader-text-block__paragraph\">Vor allem ist die Rechtsprechung des Bundesgerichts klar: In seinem Urteil von 2015 best\u00e4tigte es bei einem Konflikt den Vorrang des Abkommens \u00fcber die Personenfreiz\u00fcgigkeit vor dem innerstaatlichen Recht.<\/p>\n<p id=\"ember1024\" class=\"ember-view reader-text-block__paragraph\">Mit anderen Worten, selbst \u201c\u00fcbersetzt\u201d gibt das Schweizer Recht dem internationalen Abkommen nach.<\/p>\n<h3 id=\"ember1025\" class=\"ember-view reader-text-block__heading-3\">3. \u00abLokale KMU sind nicht betroffen\u00bb: eine realit\u00e4tsferne Argumentation<\/h3>\n<p id=\"ember1026\" class=\"ember-view reader-text-block__paragraph\">Simon Michel vertritt die Ansicht, dass nur exportorientierte Unternehmen den europ\u00e4ischen Normen unterliegen w\u00fcrden.<\/p>\n<p id=\"ember1027\" class=\"ember-view reader-text-block__paragraph\">Diese Unterscheidung ist k\u00fcnstlich.<\/p>\n<p id=\"ember1028\" class=\"ember-view reader-text-block__paragraph\">In einer vernetzten Wirtschaft wie der Schweiz:<\/p>\n<ul>\n<li>Die Produktionsketten sind integriert<\/li>\n<li>die Standards verbreiten sich bei allen Lieferanten<\/li>\n<li>Lokale Unternehmen m\u00fcssen sich anpassen, um wirtschaftlich wettbewerbsf\u00e4hig zu bleiben<\/li>\n<\/ul>\n<p id=\"ember1030\" class=\"ember-view reader-text-block__paragraph\">Ein KMU, das die vorherrschenden Normen nicht einh\u00e4lt, wird einfach ausgeschieden, auch wenn es nicht direkt an die EU verkauft.<\/p>\n<h3 id=\"ember1031\" class=\"ember-view reader-text-block__heading-3\">4. \u00abEU-Normen gelten nur f\u00fcr den Export\u00bb: wirtschaftlich nicht tragbar<\/h3>\n<p id=\"ember1032\" class=\"ember-view reader-text-block__paragraph\">Die Idee einer Koexistenz zweier normativer Systeme \u2013 eines f\u00fcr den Schweizer Markt, eines f\u00fcr den Export \u2013 ist in der Industrie der Praxis nicht gewachsen.<\/p>\n<p id=\"ember1033\" class=\"ember-view reader-text-block__paragraph\">Aufrechterhaltung von doppelten Produktionslinien ist:<\/p>\n<ul>\n<li>teuer<\/li>\n<li>komplex<\/li>\n<li>ineffektiv<\/li>\n<\/ul>\n<p id=\"ember1035\" class=\"ember-view reader-text-block__paragraph\">Die Unternehmen setzen daher auf eine Standardisierung, die oft an europ\u00e4ischen Normen ausgerichtet ist, welche de facto zum Ma\u00dfstab werden.<\/p>\n<p id=\"ember1036\" class=\"ember-view reader-text-block__paragraph\">Selbst Produkte, die f\u00fcr Drittm\u00e4rkte (USA, Asien) bestimmt sind, werden aus Optimierungsgr\u00fcnden oft nach diesen Standards entwickelt.<\/p>\n<h3 id=\"ember1037\" class=\"ember-view reader-text-block__heading-3\">5. Beschr\u00e4nkter Anwendungsbereich: Eine Minimierung der Eins\u00e4tze<\/h3>\n<p id=\"ember1038\" class=\"ember-view reader-text-block__paragraph\">Simon Michel l\u00e4sst durchblicken, dass der Geltungsbereich der Vereinbarungen begrenzt w\u00e4re.<\/p>\n<p id=\"ember1039\" class=\"ember-view reader-text-block__paragraph\">Oder, die in Betracht gezogenen Mechanismen umfassen:<\/p>\n<ul>\n<li>die \u00dcbernahme bestehender Regeln<\/li>\n<li>aber auch f\u00fcr alle zuk\u00fcnftigen abgeleiteten Rechte, insofern sie mit den Vereinbarungen in Verbindung stehen<\/li>\n<\/ul>\n<p id=\"ember1041\" class=\"ember-view reader-text-block__paragraph\">Dies er\u00f6ffnet potenziell ein breites Anwendungsspektrum f\u00fcr:<\/p>\n<ul>\n<li>Agrar- und Lebensmittelindustrie<\/li>\n<li>die Energie<\/li>\n<li>die Transporte<\/li>\n<li>la sant\u00e9<\/li>\n<li>andere strategische Sektoren<\/li>\n<\/ul>\n<p id=\"ember1043\" class=\"ember-view reader-text-block__paragraph\">Es handelt sich nicht um einen starren Rahmen, sondern um ein sich entwickelndes System.<\/p>\n<h3 id=\"ember1044\" class=\"ember-view reader-text-block__heading-3\">6. Der demokratische blinde Fleck<\/h3>\n<p id=\"ember1045\" class=\"ember-view reader-text-block__paragraph\">Das Kernproblem bleibt umgangen.<\/p>\n<p id=\"ember1046\" class=\"ember-view reader-text-block__paragraph\">Die dynamische Rechtsfortbildung beinhaltet:<\/p>\n<ul>\n<li>eine Ausarbeitung von Normen au\u00dferhalb des schweizerischen demokratischen Rahmens<\/li>\n<li>eine eingeschr\u00e4nkte Anpassungsf\u00e4higkeit<\/li>\n<li>struktureller Druck im Falle einer Ablehnung<\/li>\n<\/ul>\n<p id=\"ember1048\" class=\"ember-view reader-text-block__paragraph\">Dies ver\u00e4ndert das institutionelle Gleichgewicht, indem es die direkte Kontrolle \u00fcber den normativen Prozess reduziert.<\/p>\n<h3 id=\"ember1049\" class=\"ember-view reader-text-block__heading-3\">Schlussfolgerung \u2013 Hinter der beruhigenden Rhetorik eine strukturierende Realit\u00e4t<\/h3>\n<p id=\"ember1050\" class=\"ember-view reader-text-block__paragraph\">Die \u00c4u\u00dferungen von Simon Michel sind Teil einer Strategie zur Banalisierung eines Prozesses, der weit \u00fcber eine einfache technische Vereinbarung hinausgeht.<\/p>\n<p id=\"ember1051\" class=\"ember-view reader-text-block__paragraph\">Die festgestellten Fakten zeigen etwas anderes:<\/p>\n<ul>\n<li>eine schrittweise juristische Integration<\/li>\n<li>eine breite Verbreitung europ\u00e4ischer Standards<\/li>\n<li>eine strukturelle Auswirkung auf die Wirtschaft und die Institutionen<\/li>\n<\/ul>\n<p id=\"ember1053\" class=\"ember-view reader-text-block__paragraph\">Die Debatte verdient mehr als Vereinfachungen.<\/p>\n<p id=\"ember1054\" class=\"ember-view reader-text-block__paragraph\">Er verlangt eine klare Darstellung der beteiligten Mechanismen, damit jeder das Ausma\u00df der Entscheidungen, die dem Volk vorgelegt werden, vollst\u00e4ndig erfassen kann.<\/p>","protected":false},"excerpt":{"rendered":"<p>Sous couvert de pragmatisme \u00e9conomique, certains responsables politiques tentent aujourd\u2019hui de faire passer pour anodine une transformation profonde de notre syst\u00e8me. Derri\u00e8re les mots rassurants et les promesses de stabilit\u00e9 se cache une r\u00e9alit\u00e9 bien diff\u00e9rente : une int\u00e9gration juridique progressive, silencieuse, qui \u00e9chappe au d\u00e9bat d\u00e9mocratique. L\u2019exemple r\u00e9cent des prises de position de Simon [&hellip;]<\/p>\n","protected":false},"author":2,"featured_media":1053,"comment_status":"closed","ping_status":"closed","sticky":false,"template":"","format":"standard","meta":{"footnotes":""},"categories":[8,11],"tags":[],"class_list":["post-1052","post","type-post","status-publish","format-standard","has-post-thumbnail","hentry","category-politique-interieure","category-ue"],"yoast_head":"<!-- This site is optimized with the Yoast SEO plugin v26.9 - https:\/\/yoast.com\/product\/yoast-seo-wordpress\/ -->\n<title>Suisse-UE : les contre-v\u00e9rit\u00e9s de Simon Michel pass\u00e9es au crible - Mouvement Souverainet\u00e9 Suisse<\/title>\n<meta name=\"description\" content=\"Accords Suisse\u2013UE : les affirmations d\u2019economiesuisse et de Simon Michel minimisent la reprise dynamique du droit europ\u00e9en, son impact sur les PME et ses implications d\u00e9mocratiques, r\u00e9v\u00e9lant une int\u00e9gration juridique progressive souvent sous-estim\u00e9e dans le d\u00e9bat public.\" \/>\n<meta name=\"robots\" content=\"index, follow, max-snippet:-1, max-image-preview:large, max-video-preview:-1\" \/>\n<link rel=\"canonical\" href=\"https:\/\/souverainete-suisse.ch\/de\/2026\/04\/schweiz-die-gegenwahrheiten-von-simon-michel-auf-dem-prufstand\/\" \/>\n<meta property=\"og:locale\" content=\"de_DE\" \/>\n<meta property=\"og:type\" content=\"article\" \/>\n<meta property=\"og:title\" content=\"Suisse-UE : les contre-v\u00e9rit\u00e9s de Simon Michel pass\u00e9es au crible - Mouvement Souverainet\u00e9 Suisse\" \/>\n<meta property=\"og:description\" content=\"Accords Suisse\u2013UE : les affirmations d\u2019economiesuisse et de Simon Michel minimisent la reprise dynamique du droit europ\u00e9en, son impact sur les PME et ses implications d\u00e9mocratiques, r\u00e9v\u00e9lant une int\u00e9gration juridique progressive souvent sous-estim\u00e9e dans le d\u00e9bat public.\" \/>\n<meta property=\"og:url\" content=\"https:\/\/souverainete-suisse.ch\/de\/2026\/04\/schweiz-die-gegenwahrheiten-von-simon-michel-auf-dem-prufstand\/\" \/>\n<meta property=\"og:site_name\" content=\"Mouvement Souverainet\u00e9 Suisse\" \/>\n<meta property=\"article:published_time\" content=\"2026-04-17T12:46:39+00:00\" \/>\n<meta property=\"og:image\" content=\"https:\/\/souverainete-suisse.ch\/wp-content\/uploads\/2026\/04\/Simon.jpg\" \/>\n\t<meta property=\"og:image:width\" content=\"1536\" \/>\n\t<meta property=\"og:image:height\" content=\"1024\" \/>\n\t<meta property=\"og:image:type\" content=\"image\/jpeg\" \/>\n<meta name=\"author\" content=\"ludom\" \/>\n<meta name=\"twitter:card\" content=\"summary_large_image\" \/>\n<meta name=\"twitter:label1\" content=\"Verfasst von\" \/>\n\t<meta name=\"twitter:data1\" content=\"ludom\" \/>\n\t<meta name=\"twitter:label2\" content=\"Gesch\u00e4tzte Lesezeit\" \/>\n\t<meta name=\"twitter:data2\" content=\"4\u00a0Minuten\" \/>\n<script type=\"application\/ld+json\" class=\"yoast-schema-graph\">{\"@context\":\"https:\/\/schema.org\",\"@graph\":[{\"@type\":\"Article\",\"@id\":\"https:\/\/souverainete-suisse.ch\/2026\/04\/suisse-ue-les-contre-verites-de-simon-michel-passees-au-crible\/#article\",\"isPartOf\":{\"@id\":\"https:\/\/souverainete-suisse.ch\/2026\/04\/suisse-ue-les-contre-verites-de-simon-michel-passees-au-crible\/\"},\"author\":{\"name\":\"ludom\",\"@id\":\"https:\/\/souverainete-suisse.ch\/#\/schema\/person\/b25acb547faec24a94d7215216d68cbf\"},\"headline\":\"Suisse-UE : les contre-v\u00e9rit\u00e9s de Simon Michel pass\u00e9es au crible\",\"datePublished\":\"2026-04-17T12:46:39+00:00\",\"mainEntityOfPage\":{\"@id\":\"https:\/\/souverainete-suisse.ch\/2026\/04\/suisse-ue-les-contre-verites-de-simon-michel-passees-au-crible\/\"},\"wordCount\":806,\"publisher\":{\"@id\":\"https:\/\/souverainete-suisse.ch\/#organization\"},\"image\":{\"@id\":\"https:\/\/souverainete-suisse.ch\/2026\/04\/suisse-ue-les-contre-verites-de-simon-michel-passees-au-crible\/#primaryimage\"},\"thumbnailUrl\":\"https:\/\/souverainete-suisse.ch\/wp-content\/uploads\/2026\/04\/Simon.jpg\",\"articleSection\":[\"Politique int\u00e9rieure\",\"UE\"],\"inLanguage\":\"de\"},{\"@type\":\"WebPage\",\"@id\":\"https:\/\/souverainete-suisse.ch\/2026\/04\/suisse-ue-les-contre-verites-de-simon-michel-passees-au-crible\/\",\"url\":\"https:\/\/souverainete-suisse.ch\/2026\/04\/suisse-ue-les-contre-verites-de-simon-michel-passees-au-crible\/\",\"name\":\"Suisse-UE : les contre-v\u00e9rit\u00e9s de Simon Michel pass\u00e9es au crible - Mouvement Souverainet\u00e9 Suisse\",\"isPartOf\":{\"@id\":\"https:\/\/souverainete-suisse.ch\/#website\"},\"primaryImageOfPage\":{\"@id\":\"https:\/\/souverainete-suisse.ch\/2026\/04\/suisse-ue-les-contre-verites-de-simon-michel-passees-au-crible\/#primaryimage\"},\"image\":{\"@id\":\"https:\/\/souverainete-suisse.ch\/2026\/04\/suisse-ue-les-contre-verites-de-simon-michel-passees-au-crible\/#primaryimage\"},\"thumbnailUrl\":\"https:\/\/souverainete-suisse.ch\/wp-content\/uploads\/2026\/04\/Simon.jpg\",\"datePublished\":\"2026-04-17T12:46:39+00:00\",\"description\":\"Accords Suisse\u2013UE : les affirmations d\u2019economiesuisse et de Simon Michel minimisent la reprise dynamique du droit europ\u00e9en, son impact sur les PME et ses implications d\u00e9mocratiques, r\u00e9v\u00e9lant une int\u00e9gration juridique progressive souvent sous-estim\u00e9e dans le d\u00e9bat public.\",\"breadcrumb\":{\"@id\":\"https:\/\/souverainete-suisse.ch\/2026\/04\/suisse-ue-les-contre-verites-de-simon-michel-passees-au-crible\/#breadcrumb\"},\"inLanguage\":\"de\",\"potentialAction\":[{\"@type\":\"ReadAction\",\"target\":[\"https:\/\/souverainete-suisse.ch\/2026\/04\/suisse-ue-les-contre-verites-de-simon-michel-passees-au-crible\/\"]}]},{\"@type\":\"ImageObject\",\"inLanguage\":\"de\",\"@id\":\"https:\/\/souverainete-suisse.ch\/2026\/04\/suisse-ue-les-contre-verites-de-simon-michel-passees-au-crible\/#primaryimage\",\"url\":\"https:\/\/souverainete-suisse.ch\/wp-content\/uploads\/2026\/04\/Simon.jpg\",\"contentUrl\":\"https:\/\/souverainete-suisse.ch\/wp-content\/uploads\/2026\/04\/Simon.jpg\",\"width\":1536,\"height\":1024},{\"@type\":\"BreadcrumbList\",\"@id\":\"https:\/\/souverainete-suisse.ch\/2026\/04\/suisse-ue-les-contre-verites-de-simon-michel-passees-au-crible\/#breadcrumb\",\"itemListElement\":[{\"@type\":\"ListItem\",\"position\":1,\"name\":\"Accueil\",\"item\":\"https:\/\/souverainete-suisse.ch\/\"},{\"@type\":\"ListItem\",\"position\":2,\"name\":\"Suisse-UE : les contre-v\u00e9rit\u00e9s de Simon Michel pass\u00e9es au crible\"}]},{\"@type\":\"WebSite\",\"@id\":\"https:\/\/souverainete-suisse.ch\/#website\",\"url\":\"https:\/\/souverainete-suisse.ch\/\",\"name\":\"Mouvement Souverainet\u00e9 Suisse\",\"description\":\"\",\"publisher\":{\"@id\":\"https:\/\/souverainete-suisse.ch\/#organization\"},\"potentialAction\":[{\"@type\":\"SearchAction\",\"target\":{\"@type\":\"EntryPoint\",\"urlTemplate\":\"https:\/\/souverainete-suisse.ch\/?s={search_term_string}\"},\"query-input\":{\"@type\":\"PropertyValueSpecification\",\"valueRequired\":true,\"valueName\":\"search_term_string\"}}],\"inLanguage\":\"de\"},{\"@type\":\"Organization\",\"@id\":\"https:\/\/souverainete-suisse.ch\/#organization\",\"name\":\"Mouvement Souverainet\u00e9 Suisse\",\"url\":\"https:\/\/souverainete-suisse.ch\/\",\"logo\":{\"@type\":\"ImageObject\",\"inLanguage\":\"de\",\"@id\":\"https:\/\/souverainete-suisse.ch\/#\/schema\/logo\/image\/\",\"url\":\"https:\/\/souverainete-suisse.ch\/wp-content\/uploads\/2025\/11\/logo.png\",\"contentUrl\":\"https:\/\/souverainete-suisse.ch\/wp-content\/uploads\/2025\/11\/logo.png\",\"width\":2053,\"height\":1461,\"caption\":\"Mouvement Souverainet\u00e9 Suisse\"},\"image\":{\"@id\":\"https:\/\/souverainete-suisse.ch\/#\/schema\/logo\/image\/\"}},{\"@type\":\"Person\",\"@id\":\"https:\/\/souverainete-suisse.ch\/#\/schema\/person\/b25acb547faec24a94d7215216d68cbf\",\"name\":\"ludom\",\"image\":{\"@type\":\"ImageObject\",\"inLanguage\":\"de\",\"@id\":\"https:\/\/souverainete-suisse.ch\/#\/schema\/person\/image\/\",\"url\":\"https:\/\/secure.gravatar.com\/avatar\/77b40fd8e49e537abcea7487b290688ce92143c3443b1d3f419149c67282ffb4?s=96&d=mm&r=g\",\"contentUrl\":\"https:\/\/secure.gravatar.com\/avatar\/77b40fd8e49e537abcea7487b290688ce92143c3443b1d3f419149c67282ffb4?s=96&d=mm&r=g\",\"caption\":\"ludom\"},\"url\":\"http:\/\/souverainete-suisse.ch\/de\/author\/ludom\/\"}]}<\/script>\n<!-- \/ Yoast SEO plugin. -->","yoast_head_json":{"title":"Schweiz-EU: Simon Michels Falschaussagen unter der Lupe - Bewegung f\u00fcr ein unabh\u00e4ngiges Schweiz","description":"EU-Schweiz-Abkommen: Die Behauptungen von economiesuisse und Simon Michel untersch\u00e4tzen die dynamische \u00dcbernahme des EU-Rechts, seine Auswirkungen auf KMU und seine demokratischen Implikationen und offenbaren eine schleichende Rechtsintegration, die in der \u00f6ffentlichen Debatte oft untersch\u00e4tzt wird.","robots":{"index":"index","follow":"follow","max-snippet":"max-snippet:-1","max-image-preview":"max-image-preview:large","max-video-preview":"max-video-preview:-1"},"canonical":"https:\/\/souverainete-suisse.ch\/de\/2026\/04\/schweiz-die-gegenwahrheiten-von-simon-michel-auf-dem-prufstand\/","og_locale":"de_DE","og_type":"article","og_title":"Suisse-UE : les contre-v\u00e9rit\u00e9s de Simon Michel pass\u00e9es au crible - Mouvement Souverainet\u00e9 Suisse","og_description":"Accords Suisse\u2013UE : les affirmations d\u2019economiesuisse et de Simon Michel minimisent la reprise dynamique du droit europ\u00e9en, son impact sur les PME et ses implications d\u00e9mocratiques, r\u00e9v\u00e9lant une int\u00e9gration juridique progressive souvent sous-estim\u00e9e dans le d\u00e9bat public.","og_url":"https:\/\/souverainete-suisse.ch\/de\/2026\/04\/schweiz-die-gegenwahrheiten-von-simon-michel-auf-dem-prufstand\/","og_site_name":"Mouvement Souverainet\u00e9 Suisse","article_published_time":"2026-04-17T12:46:39+00:00","og_image":[{"width":1536,"height":1024,"url":"https:\/\/souverainete-suisse.ch\/wp-content\/uploads\/2026\/04\/Simon.jpg","type":"image\/jpeg"}],"author":"ludom","twitter_card":"summary_large_image","twitter_misc":{"Verfasst von":"ludom","Gesch\u00e4tzte Lesezeit":"4\u00a0Minuten"},"schema":{"@context":"https:\/\/schema.org","@graph":[{"@type":"Article","@id":"https:\/\/souverainete-suisse.ch\/2026\/04\/suisse-ue-les-contre-verites-de-simon-michel-passees-au-crible\/#article","isPartOf":{"@id":"https:\/\/souverainete-suisse.ch\/2026\/04\/suisse-ue-les-contre-verites-de-simon-michel-passees-au-crible\/"},"author":{"name":"ludom","@id":"https:\/\/souverainete-suisse.ch\/#\/schema\/person\/b25acb547faec24a94d7215216d68cbf"},"headline":"Suisse-UE : les contre-v\u00e9rit\u00e9s de Simon Michel pass\u00e9es au crible","datePublished":"2026-04-17T12:46:39+00:00","mainEntityOfPage":{"@id":"https:\/\/souverainete-suisse.ch\/2026\/04\/suisse-ue-les-contre-verites-de-simon-michel-passees-au-crible\/"},"wordCount":806,"publisher":{"@id":"https:\/\/souverainete-suisse.ch\/#organization"},"image":{"@id":"https:\/\/souverainete-suisse.ch\/2026\/04\/suisse-ue-les-contre-verites-de-simon-michel-passees-au-crible\/#primaryimage"},"thumbnailUrl":"https:\/\/souverainete-suisse.ch\/wp-content\/uploads\/2026\/04\/Simon.jpg","articleSection":["Politique int\u00e9rieure","UE"],"inLanguage":"de"},{"@type":"WebPage","@id":"https:\/\/souverainete-suisse.ch\/2026\/04\/suisse-ue-les-contre-verites-de-simon-michel-passees-au-crible\/","url":"https:\/\/souverainete-suisse.ch\/2026\/04\/suisse-ue-les-contre-verites-de-simon-michel-passees-au-crible\/","name":"Schweiz-EU: Simon Michels Falschaussagen unter der Lupe - Bewegung f\u00fcr ein unabh\u00e4ngiges Schweiz","isPartOf":{"@id":"https:\/\/souverainete-suisse.ch\/#website"},"primaryImageOfPage":{"@id":"https:\/\/souverainete-suisse.ch\/2026\/04\/suisse-ue-les-contre-verites-de-simon-michel-passees-au-crible\/#primaryimage"},"image":{"@id":"https:\/\/souverainete-suisse.ch\/2026\/04\/suisse-ue-les-contre-verites-de-simon-michel-passees-au-crible\/#primaryimage"},"thumbnailUrl":"https:\/\/souverainete-suisse.ch\/wp-content\/uploads\/2026\/04\/Simon.jpg","datePublished":"2026-04-17T12:46:39+00:00","description":"EU-Schweiz-Abkommen: Die Behauptungen von economiesuisse und Simon Michel untersch\u00e4tzen die dynamische \u00dcbernahme des EU-Rechts, seine Auswirkungen auf KMU und seine demokratischen Implikationen und offenbaren eine schleichende Rechtsintegration, die in der \u00f6ffentlichen Debatte oft untersch\u00e4tzt wird.","breadcrumb":{"@id":"https:\/\/souverainete-suisse.ch\/2026\/04\/suisse-ue-les-contre-verites-de-simon-michel-passees-au-crible\/#breadcrumb"},"inLanguage":"de","potentialAction":[{"@type":"ReadAction","target":["https:\/\/souverainete-suisse.ch\/2026\/04\/suisse-ue-les-contre-verites-de-simon-michel-passees-au-crible\/"]}]},{"@type":"ImageObject","inLanguage":"de","@id":"https:\/\/souverainete-suisse.ch\/2026\/04\/suisse-ue-les-contre-verites-de-simon-michel-passees-au-crible\/#primaryimage","url":"https:\/\/souverainete-suisse.ch\/wp-content\/uploads\/2026\/04\/Simon.jpg","contentUrl":"https:\/\/souverainete-suisse.ch\/wp-content\/uploads\/2026\/04\/Simon.jpg","width":1536,"height":1024},{"@type":"BreadcrumbList","@id":"https:\/\/souverainete-suisse.ch\/2026\/04\/suisse-ue-les-contre-verites-de-simon-michel-passees-au-crible\/#breadcrumb","itemListElement":[{"@type":"ListItem","position":1,"name":"Accueil","item":"https:\/\/souverainete-suisse.ch\/"},{"@type":"ListItem","position":2,"name":"Suisse-UE : les contre-v\u00e9rit\u00e9s de Simon Michel pass\u00e9es au crible"}]},{"@type":"WebSite","@id":"https:\/\/souverainete-suisse.ch\/#website","url":"https:\/\/souverainete-suisse.ch\/","name":"Bewegung Souver\u00e4ne Schweiz","description":"","publisher":{"@id":"https:\/\/souverainete-suisse.ch\/#organization"},"potentialAction":[{"@type":"SearchAction","target":{"@type":"EntryPoint","urlTemplate":"https:\/\/souverainete-suisse.ch\/?s={search_term_string}"},"query-input":{"@type":"PropertyValueSpecification","valueRequired":true,"valueName":"search_term_string"}}],"inLanguage":"de"},{"@type":"Organization","@id":"https:\/\/souverainete-suisse.ch\/#organization","name":"Bewegung Souver\u00e4ne Schweiz","url":"https:\/\/souverainete-suisse.ch\/","logo":{"@type":"ImageObject","inLanguage":"de","@id":"https:\/\/souverainete-suisse.ch\/#\/schema\/logo\/image\/","url":"https:\/\/souverainete-suisse.ch\/wp-content\/uploads\/2025\/11\/logo.png","contentUrl":"https:\/\/souverainete-suisse.ch\/wp-content\/uploads\/2025\/11\/logo.png","width":2053,"height":1461,"caption":"Mouvement Souverainet\u00e9 Suisse"},"image":{"@id":"https:\/\/souverainete-suisse.ch\/#\/schema\/logo\/image\/"}},{"@type":"Person","@id":"https:\/\/souverainete-suisse.ch\/#\/schema\/person\/b25acb547faec24a94d7215216d68cbf","name":"ludom","image":{"@type":"ImageObject","inLanguage":"de","@id":"https:\/\/souverainete-suisse.ch\/#\/schema\/person\/image\/","url":"https:\/\/secure.gravatar.com\/avatar\/77b40fd8e49e537abcea7487b290688ce92143c3443b1d3f419149c67282ffb4?s=96&d=mm&r=g","contentUrl":"https:\/\/secure.gravatar.com\/avatar\/77b40fd8e49e537abcea7487b290688ce92143c3443b1d3f419149c67282ffb4?s=96&d=mm&r=g","caption":"ludom"},"url":"http:\/\/souverainete-suisse.ch\/de\/author\/ludom\/"}]}},"_links":{"self":[{"href":"http:\/\/souverainete-suisse.ch\/de\/wp-json\/wp\/v2\/posts\/1052","targetHints":{"allow":["GET"]}}],"collection":[{"href":"http:\/\/souverainete-suisse.ch\/de\/wp-json\/wp\/v2\/posts"}],"about":[{"href":"http:\/\/souverainete-suisse.ch\/de\/wp-json\/wp\/v2\/types\/post"}],"author":[{"embeddable":true,"href":"http:\/\/souverainete-suisse.ch\/de\/wp-json\/wp\/v2\/users\/2"}],"replies":[{"embeddable":true,"href":"http:\/\/souverainete-suisse.ch\/de\/wp-json\/wp\/v2\/comments?post=1052"}],"version-history":[{"count":1,"href":"http:\/\/souverainete-suisse.ch\/de\/wp-json\/wp\/v2\/posts\/1052\/revisions"}],"predecessor-version":[{"id":1054,"href":"http:\/\/souverainete-suisse.ch\/de\/wp-json\/wp\/v2\/posts\/1052\/revisions\/1054"}],"wp:featuredmedia":[{"embeddable":true,"href":"http:\/\/souverainete-suisse.ch\/de\/wp-json\/wp\/v2\/media\/1053"}],"wp:attachment":[{"href":"http:\/\/souverainete-suisse.ch\/de\/wp-json\/wp\/v2\/media?parent=1052"}],"wp:term":[{"taxonomy":"category","embeddable":true,"href":"http:\/\/souverainete-suisse.ch\/de\/wp-json\/wp\/v2\/categories?post=1052"},{"taxonomy":"post_tag","embeddable":true,"href":"http:\/\/souverainete-suisse.ch\/de\/wp-json\/wp\/v2\/tags?post=1052"}],"curies":[{"name":"wp","href":"https:\/\/api.w.org\/{rel}","templated":true}]}}