{"id":1049,"date":"2026-04-17T14:44:21","date_gmt":"2026-04-17T12:44:21","guid":{"rendered":"https:\/\/souverainete-suisse.ch\/?p=1049"},"modified":"2026-04-17T14:44:21","modified_gmt":"2026-04-17T12:44:21","slug":"fassade-der-stabilitat-wenn-die-kommunikation-der-economiesuisse-die-debatte-ersetzt","status":"publish","type":"post","link":"http:\/\/souverainete-suisse.ch\/de\/2026\/04\/fassade-der-stabilitat-wenn-die-kommunikation-der-economiesuisse-die-debatte-ersetzt\/","title":{"rendered":"Fassadenglanz, Realit\u00e4t im Schweigen: Wenn die Kommunikation von Economiesuisse die Debatte ersetzt"},"content":{"rendered":"<p>Hinter den beruhigenden Reden \u00fcber \u00abStabilit\u00e4t\u00bb und \u00abWohlstand\u00bb verbirgt sich ein gut ge\u00f6lter Mechanismus des Einflusses. Durch extreme Vereinfachung komplexer Sachverhalte wird die \u00f6ffentliche Debatte zu einer Kommunikationsma\u00dfnahme reduziert, bei der das Wesentliche verloren geht. Fakten wieder in den Mittelpunkt zu r\u00fccken ist keine Option mehr \u2013 es ist eine Notwendigkeit.<\/p>","protected":false},"excerpt":{"rendered":"<p>Derri\u00e8re les discours rassurants sur la \u00ab stabilit\u00e9 \u00bb et la \u00ab prosp\u00e9rit\u00e9 \u00bb se d\u00e9ploie une m\u00e9canique d\u2019influence bien rod\u00e9e. \u00c0 force de simplifier \u00e0 l\u2019extr\u00eame des enjeux complexes, le d\u00e9bat public est r\u00e9duit \u00e0 une op\u00e9ration de communication o\u00f9 l\u2019essentiel dispara\u00eet. Remettre les faits au centre n\u2019est plus une option \u2014 c\u2019est une [&hellip;]<\/p>\n","protected":false},"author":2,"featured_media":1050,"comment_status":"closed","ping_status":"closed","sticky":false,"template":"","format":"standard","meta":{"footnotes":""},"categories":[8,11],"tags":[],"class_list":["post-1049","post","type-post","status-publish","format-standard","has-post-thumbnail","hentry","category-politique-interieure","category-ue"],"yoast_head":"<!-- This site is optimized with the Yoast SEO plugin v26.9 - https:\/\/yoast.com\/product\/yoast-seo-wordpress\/ -->\n<title>Stabilit\u00e9 en fa\u00e7ade, r\u00e9alit\u00e9 sous silence : quand la communication d\u2019Economiesuisse remplace le d\u00e9bat - Mouvement Souverainet\u00e9 Suisse<\/title>\n<meta name=\"description\" content=\"Accords Suisse\u2013UE : derri\u00e8re les discours de stabilit\u00e9 et de prosp\u00e9rit\u00e9, une communication qui simplifie \u00e0 l\u2019extr\u00eame et occulte des enjeux essentiels, au risque d\u2019appauvrir le d\u00e9bat d\u00e9mocratique et d\u2019\u00e9loigner les citoyens des faits.\" \/>\n<meta name=\"robots\" content=\"index, follow, max-snippet:-1, max-image-preview:large, max-video-preview:-1\" \/>\n<link rel=\"canonical\" href=\"https:\/\/souverainete-suisse.ch\/de\/2026\/04\/fassade-der-stabilitat-wenn-die-kommunikation-der-economiesuisse-die-debatte-ersetzt\/\" \/>\n<meta property=\"og:locale\" content=\"de_DE\" \/>\n<meta property=\"og:type\" content=\"article\" \/>\n<meta property=\"og:title\" content=\"Stabilit\u00e9 en fa\u00e7ade, r\u00e9alit\u00e9 sous silence : quand la communication d\u2019Economiesuisse remplace le d\u00e9bat - Mouvement Souverainet\u00e9 Suisse\" \/>\n<meta property=\"og:description\" content=\"Accords Suisse\u2013UE : derri\u00e8re les discours de stabilit\u00e9 et de prosp\u00e9rit\u00e9, une communication qui simplifie \u00e0 l\u2019extr\u00eame et occulte des enjeux essentiels, au risque d\u2019appauvrir le d\u00e9bat d\u00e9mocratique et d\u2019\u00e9loigner les citoyens des faits.\" \/>\n<meta property=\"og:url\" content=\"https:\/\/souverainete-suisse.ch\/de\/2026\/04\/fassade-der-stabilitat-wenn-die-kommunikation-der-economiesuisse-die-debatte-ersetzt\/\" \/>\n<meta property=\"og:site_name\" content=\"Mouvement Souverainet\u00e9 Suisse\" \/>\n<meta property=\"article:published_time\" content=\"2026-04-17T12:44:21+00:00\" \/>\n<meta property=\"og:image\" content=\"https:\/\/souverainete-suisse.ch\/wp-content\/uploads\/2026\/04\/Fondue2.jpg\" \/>\n\t<meta property=\"og:image:width\" content=\"1606\" \/>\n\t<meta property=\"og:image:height\" content=\"1068\" \/>\n\t<meta property=\"og:image:type\" content=\"image\/jpeg\" \/>\n<meta name=\"author\" content=\"ludom\" \/>\n<meta name=\"twitter:card\" content=\"summary_large_image\" \/>\n<meta name=\"twitter:label1\" content=\"Verfasst von\" \/>\n\t<meta name=\"twitter:data1\" content=\"ludom\" \/>\n\t<meta name=\"twitter:label2\" content=\"Gesch\u00e4tzte Lesezeit\" \/>\n\t<meta name=\"twitter:data2\" content=\"1\u00a0Minute\" \/>\n<script type=\"application\/ld+json\" class=\"yoast-schema-graph\">{\"@context\":\"https:\/\/schema.org\",\"@graph\":[{\"@type\":\"Article\",\"@id\":\"https:\/\/souverainete-suisse.ch\/2026\/04\/stabilite-en-facade-realite-sous-silence-quand-la-communication-deconomiesuisse-remplace-le-debat\/#article\",\"isPartOf\":{\"@id\":\"https:\/\/souverainete-suisse.ch\/2026\/04\/stabilite-en-facade-realite-sous-silence-quand-la-communication-deconomiesuisse-remplace-le-debat\/\"},\"author\":{\"name\":\"ludom\",\"@id\":\"https:\/\/souverainete-suisse.ch\/#\/schema\/person\/b25acb547faec24a94d7215216d68cbf\"},\"headline\":\"Stabilit\u00e9 en fa\u00e7ade, r\u00e9alit\u00e9 sous silence : quand la communication d\u2019Economiesuisse remplace le d\u00e9bat\",\"datePublished\":\"2026-04-17T12:44:21+00:00\",\"mainEntityOfPage\":{\"@id\":\"https:\/\/souverainete-suisse.ch\/2026\/04\/stabilite-en-facade-realite-sous-silence-quand-la-communication-deconomiesuisse-remplace-le-debat\/\"},\"wordCount\":81,\"publisher\":{\"@id\":\"https:\/\/souverainete-suisse.ch\/#organization\"},\"image\":{\"@id\":\"https:\/\/souverainete-suisse.ch\/2026\/04\/stabilite-en-facade-realite-sous-silence-quand-la-communication-deconomiesuisse-remplace-le-debat\/#primaryimage\"},\"thumbnailUrl\":\"https:\/\/souverainete-suisse.ch\/wp-content\/uploads\/2026\/04\/Fondue2.jpg\",\"articleSection\":[\"Politique int\u00e9rieure\",\"UE\"],\"inLanguage\":\"de\"},{\"@type\":\"WebPage\",\"@id\":\"https:\/\/souverainete-suisse.ch\/2026\/04\/stabilite-en-facade-realite-sous-silence-quand-la-communication-deconomiesuisse-remplace-le-debat\/\",\"url\":\"https:\/\/souverainete-suisse.ch\/2026\/04\/stabilite-en-facade-realite-sous-silence-quand-la-communication-deconomiesuisse-remplace-le-debat\/\",\"name\":\"Stabilit\u00e9 en fa\u00e7ade, r\u00e9alit\u00e9 sous silence : quand la communication d\u2019Economiesuisse remplace le d\u00e9bat - Mouvement Souverainet\u00e9 Suisse\",\"isPartOf\":{\"@id\":\"https:\/\/souverainete-suisse.ch\/#website\"},\"primaryImageOfPage\":{\"@id\":\"https:\/\/souverainete-suisse.ch\/2026\/04\/stabilite-en-facade-realite-sous-silence-quand-la-communication-deconomiesuisse-remplace-le-debat\/#primaryimage\"},\"image\":{\"@id\":\"https:\/\/souverainete-suisse.ch\/2026\/04\/stabilite-en-facade-realite-sous-silence-quand-la-communication-deconomiesuisse-remplace-le-debat\/#primaryimage\"},\"thumbnailUrl\":\"https:\/\/souverainete-suisse.ch\/wp-content\/uploads\/2026\/04\/Fondue2.jpg\",\"datePublished\":\"2026-04-17T12:44:21+00:00\",\"description\":\"Accords Suisse\u2013UE : derri\u00e8re les discours de stabilit\u00e9 et de prosp\u00e9rit\u00e9, une communication qui simplifie \u00e0 l\u2019extr\u00eame et occulte des enjeux essentiels, au risque d\u2019appauvrir le d\u00e9bat d\u00e9mocratique et d\u2019\u00e9loigner les citoyens des faits.\",\"breadcrumb\":{\"@id\":\"https:\/\/souverainete-suisse.ch\/2026\/04\/stabilite-en-facade-realite-sous-silence-quand-la-communication-deconomiesuisse-remplace-le-debat\/#breadcrumb\"},\"inLanguage\":\"de\",\"potentialAction\":[{\"@type\":\"ReadAction\",\"target\":[\"https:\/\/souverainete-suisse.ch\/2026\/04\/stabilite-en-facade-realite-sous-silence-quand-la-communication-deconomiesuisse-remplace-le-debat\/\"]}]},{\"@type\":\"ImageObject\",\"inLanguage\":\"de\",\"@id\":\"https:\/\/souverainete-suisse.ch\/2026\/04\/stabilite-en-facade-realite-sous-silence-quand-la-communication-deconomiesuisse-remplace-le-debat\/#primaryimage\",\"url\":\"https:\/\/souverainete-suisse.ch\/wp-content\/uploads\/2026\/04\/Fondue2.jpg\",\"contentUrl\":\"https:\/\/souverainete-suisse.ch\/wp-content\/uploads\/2026\/04\/Fondue2.jpg\",\"width\":1606,\"height\":1068,\"caption\":\"Screenshot\"},{\"@type\":\"BreadcrumbList\",\"@id\":\"https:\/\/souverainete-suisse.ch\/2026\/04\/stabilite-en-facade-realite-sous-silence-quand-la-communication-deconomiesuisse-remplace-le-debat\/#breadcrumb\",\"itemListElement\":[{\"@type\":\"ListItem\",\"position\":1,\"name\":\"Accueil\",\"item\":\"https:\/\/souverainete-suisse.ch\/\"},{\"@type\":\"ListItem\",\"position\":2,\"name\":\"Stabilit\u00e9 en fa\u00e7ade, r\u00e9alit\u00e9 sous silence : quand la communication d\u2019Economiesuisse remplace le d\u00e9bat\"}]},{\"@type\":\"WebSite\",\"@id\":\"https:\/\/souverainete-suisse.ch\/#website\",\"url\":\"https:\/\/souverainete-suisse.ch\/\",\"name\":\"Mouvement Souverainet\u00e9 Suisse\",\"description\":\"\",\"publisher\":{\"@id\":\"https:\/\/souverainete-suisse.ch\/#organization\"},\"potentialAction\":[{\"@type\":\"SearchAction\",\"target\":{\"@type\":\"EntryPoint\",\"urlTemplate\":\"https:\/\/souverainete-suisse.ch\/?s={search_term_string}\"},\"query-input\":{\"@type\":\"PropertyValueSpecification\",\"valueRequired\":true,\"valueName\":\"search_term_string\"}}],\"inLanguage\":\"de\"},{\"@type\":\"Organization\",\"@id\":\"https:\/\/souverainete-suisse.ch\/#organization\",\"name\":\"Mouvement Souverainet\u00e9 Suisse\",\"url\":\"https:\/\/souverainete-suisse.ch\/\",\"logo\":{\"@type\":\"ImageObject\",\"inLanguage\":\"de\",\"@id\":\"https:\/\/souverainete-suisse.ch\/#\/schema\/logo\/image\/\",\"url\":\"https:\/\/souverainete-suisse.ch\/wp-content\/uploads\/2025\/11\/logo.png\",\"contentUrl\":\"https:\/\/souverainete-suisse.ch\/wp-content\/uploads\/2025\/11\/logo.png\",\"width\":2053,\"height\":1461,\"caption\":\"Mouvement Souverainet\u00e9 Suisse\"},\"image\":{\"@id\":\"https:\/\/souverainete-suisse.ch\/#\/schema\/logo\/image\/\"}},{\"@type\":\"Person\",\"@id\":\"https:\/\/souverainete-suisse.ch\/#\/schema\/person\/b25acb547faec24a94d7215216d68cbf\",\"name\":\"ludom\",\"image\":{\"@type\":\"ImageObject\",\"inLanguage\":\"de\",\"@id\":\"https:\/\/souverainete-suisse.ch\/#\/schema\/person\/image\/\",\"url\":\"https:\/\/secure.gravatar.com\/avatar\/77b40fd8e49e537abcea7487b290688ce92143c3443b1d3f419149c67282ffb4?s=96&d=mm&r=g\",\"contentUrl\":\"https:\/\/secure.gravatar.com\/avatar\/77b40fd8e49e537abcea7487b290688ce92143c3443b1d3f419149c67282ffb4?s=96&d=mm&r=g\",\"caption\":\"ludom\"},\"url\":\"http:\/\/souverainete-suisse.ch\/de\/author\/ludom\/\"}]}<\/script>\n<!-- \/ Yoast SEO plugin. -->","yoast_head_json":{"title":"Fassadenstabilit\u00e4t, stille Realit\u00e4t: Wenn die Kommunikation von Economiesuisse die Debatte ersetzt - Bewegung Souver\u00e4nit\u00e4t Schweiz","description":"Abkommen Schweiz\u2013EU: Hinter den Reden von Stabilit\u00e4t und Wohlstand verbirgt sich eine Kommunikation, die extrem vereinfacht und wesentliche Probleme verschweigt, mit dem Risiko, die demokratische Debatte zu verarmen und die B\u00fcrger von den Fakten zu entfremden.","robots":{"index":"index","follow":"follow","max-snippet":"max-snippet:-1","max-image-preview":"max-image-preview:large","max-video-preview":"max-video-preview:-1"},"canonical":"https:\/\/souverainete-suisse.ch\/de\/2026\/04\/fassade-der-stabilitat-wenn-die-kommunikation-der-economiesuisse-die-debatte-ersetzt\/","og_locale":"de_DE","og_type":"article","og_title":"Stabilit\u00e9 en fa\u00e7ade, r\u00e9alit\u00e9 sous silence : quand la communication d\u2019Economiesuisse remplace le d\u00e9bat - Mouvement Souverainet\u00e9 Suisse","og_description":"Accords Suisse\u2013UE : derri\u00e8re les discours de stabilit\u00e9 et de prosp\u00e9rit\u00e9, une communication qui simplifie \u00e0 l\u2019extr\u00eame et occulte des enjeux essentiels, au risque d\u2019appauvrir le d\u00e9bat d\u00e9mocratique et d\u2019\u00e9loigner les citoyens des faits.","og_url":"https:\/\/souverainete-suisse.ch\/de\/2026\/04\/fassade-der-stabilitat-wenn-die-kommunikation-der-economiesuisse-die-debatte-ersetzt\/","og_site_name":"Mouvement Souverainet\u00e9 Suisse","article_published_time":"2026-04-17T12:44:21+00:00","og_image":[{"width":1606,"height":1068,"url":"https:\/\/souverainete-suisse.ch\/wp-content\/uploads\/2026\/04\/Fondue2.jpg","type":"image\/jpeg"}],"author":"ludom","twitter_card":"summary_large_image","twitter_misc":{"Verfasst von":"ludom","Gesch\u00e4tzte Lesezeit":"1\u00a0Minute"},"schema":{"@context":"https:\/\/schema.org","@graph":[{"@type":"Article","@id":"https:\/\/souverainete-suisse.ch\/2026\/04\/stabilite-en-facade-realite-sous-silence-quand-la-communication-deconomiesuisse-remplace-le-debat\/#article","isPartOf":{"@id":"https:\/\/souverainete-suisse.ch\/2026\/04\/stabilite-en-facade-realite-sous-silence-quand-la-communication-deconomiesuisse-remplace-le-debat\/"},"author":{"name":"ludom","@id":"https:\/\/souverainete-suisse.ch\/#\/schema\/person\/b25acb547faec24a94d7215216d68cbf"},"headline":"Stabilit\u00e9 en fa\u00e7ade, r\u00e9alit\u00e9 sous silence : quand la communication d\u2019Economiesuisse remplace le d\u00e9bat","datePublished":"2026-04-17T12:44:21+00:00","mainEntityOfPage":{"@id":"https:\/\/souverainete-suisse.ch\/2026\/04\/stabilite-en-facade-realite-sous-silence-quand-la-communication-deconomiesuisse-remplace-le-debat\/"},"wordCount":81,"publisher":{"@id":"https:\/\/souverainete-suisse.ch\/#organization"},"image":{"@id":"https:\/\/souverainete-suisse.ch\/2026\/04\/stabilite-en-facade-realite-sous-silence-quand-la-communication-deconomiesuisse-remplace-le-debat\/#primaryimage"},"thumbnailUrl":"https:\/\/souverainete-suisse.ch\/wp-content\/uploads\/2026\/04\/Fondue2.jpg","articleSection":["Politique int\u00e9rieure","UE"],"inLanguage":"de"},{"@type":"WebPage","@id":"https:\/\/souverainete-suisse.ch\/2026\/04\/stabilite-en-facade-realite-sous-silence-quand-la-communication-deconomiesuisse-remplace-le-debat\/","url":"https:\/\/souverainete-suisse.ch\/2026\/04\/stabilite-en-facade-realite-sous-silence-quand-la-communication-deconomiesuisse-remplace-le-debat\/","name":"Fassadenstabilit\u00e4t, stille Realit\u00e4t: Wenn die Kommunikation von Economiesuisse die Debatte ersetzt - Bewegung Souver\u00e4nit\u00e4t Schweiz","isPartOf":{"@id":"https:\/\/souverainete-suisse.ch\/#website"},"primaryImageOfPage":{"@id":"https:\/\/souverainete-suisse.ch\/2026\/04\/stabilite-en-facade-realite-sous-silence-quand-la-communication-deconomiesuisse-remplace-le-debat\/#primaryimage"},"image":{"@id":"https:\/\/souverainete-suisse.ch\/2026\/04\/stabilite-en-facade-realite-sous-silence-quand-la-communication-deconomiesuisse-remplace-le-debat\/#primaryimage"},"thumbnailUrl":"https:\/\/souverainete-suisse.ch\/wp-content\/uploads\/2026\/04\/Fondue2.jpg","datePublished":"2026-04-17T12:44:21+00:00","description":"Abkommen Schweiz\u2013EU: Hinter den Reden von Stabilit\u00e4t und Wohlstand verbirgt sich eine Kommunikation, die extrem vereinfacht und wesentliche Probleme verschweigt, mit dem Risiko, die demokratische Debatte zu verarmen und die B\u00fcrger von den Fakten zu entfremden.","breadcrumb":{"@id":"https:\/\/souverainete-suisse.ch\/2026\/04\/stabilite-en-facade-realite-sous-silence-quand-la-communication-deconomiesuisse-remplace-le-debat\/#breadcrumb"},"inLanguage":"de","potentialAction":[{"@type":"ReadAction","target":["https:\/\/souverainete-suisse.ch\/2026\/04\/stabilite-en-facade-realite-sous-silence-quand-la-communication-deconomiesuisse-remplace-le-debat\/"]}]},{"@type":"ImageObject","inLanguage":"de","@id":"https:\/\/souverainete-suisse.ch\/2026\/04\/stabilite-en-facade-realite-sous-silence-quand-la-communication-deconomiesuisse-remplace-le-debat\/#primaryimage","url":"https:\/\/souverainete-suisse.ch\/wp-content\/uploads\/2026\/04\/Fondue2.jpg","contentUrl":"https:\/\/souverainete-suisse.ch\/wp-content\/uploads\/2026\/04\/Fondue2.jpg","width":1606,"height":1068,"caption":"Screenshot"},{"@type":"BreadcrumbList","@id":"https:\/\/souverainete-suisse.ch\/2026\/04\/stabilite-en-facade-realite-sous-silence-quand-la-communication-deconomiesuisse-remplace-le-debat\/#breadcrumb","itemListElement":[{"@type":"ListItem","position":1,"name":"Accueil","item":"https:\/\/souverainete-suisse.ch\/"},{"@type":"ListItem","position":2,"name":"Stabilit\u00e9 en fa\u00e7ade, r\u00e9alit\u00e9 sous silence : quand la communication d\u2019Economiesuisse remplace le d\u00e9bat"}]},{"@type":"WebSite","@id":"https:\/\/souverainete-suisse.ch\/#website","url":"https:\/\/souverainete-suisse.ch\/","name":"Bewegung Souver\u00e4ne Schweiz","description":"","publisher":{"@id":"https:\/\/souverainete-suisse.ch\/#organization"},"potentialAction":[{"@type":"SearchAction","target":{"@type":"EntryPoint","urlTemplate":"https:\/\/souverainete-suisse.ch\/?s={search_term_string}"},"query-input":{"@type":"PropertyValueSpecification","valueRequired":true,"valueName":"search_term_string"}}],"inLanguage":"de"},{"@type":"Organization","@id":"https:\/\/souverainete-suisse.ch\/#organization","name":"Bewegung Souver\u00e4ne Schweiz","url":"https:\/\/souverainete-suisse.ch\/","logo":{"@type":"ImageObject","inLanguage":"de","@id":"https:\/\/souverainete-suisse.ch\/#\/schema\/logo\/image\/","url":"https:\/\/souverainete-suisse.ch\/wp-content\/uploads\/2025\/11\/logo.png","contentUrl":"https:\/\/souverainete-suisse.ch\/wp-content\/uploads\/2025\/11\/logo.png","width":2053,"height":1461,"caption":"Mouvement Souverainet\u00e9 Suisse"},"image":{"@id":"https:\/\/souverainete-suisse.ch\/#\/schema\/logo\/image\/"}},{"@type":"Person","@id":"https:\/\/souverainete-suisse.ch\/#\/schema\/person\/b25acb547faec24a94d7215216d68cbf","name":"ludom","image":{"@type":"ImageObject","inLanguage":"de","@id":"https:\/\/souverainete-suisse.ch\/#\/schema\/person\/image\/","url":"https:\/\/secure.gravatar.com\/avatar\/77b40fd8e49e537abcea7487b290688ce92143c3443b1d3f419149c67282ffb4?s=96&d=mm&r=g","contentUrl":"https:\/\/secure.gravatar.com\/avatar\/77b40fd8e49e537abcea7487b290688ce92143c3443b1d3f419149c67282ffb4?s=96&d=mm&r=g","caption":"ludom"},"url":"http:\/\/souverainete-suisse.ch\/de\/author\/ludom\/"}]}},"_links":{"self":[{"href":"http:\/\/souverainete-suisse.ch\/de\/wp-json\/wp\/v2\/posts\/1049","targetHints":{"allow":["GET"]}}],"collection":[{"href":"http:\/\/souverainete-suisse.ch\/de\/wp-json\/wp\/v2\/posts"}],"about":[{"href":"http:\/\/souverainete-suisse.ch\/de\/wp-json\/wp\/v2\/types\/post"}],"author":[{"embeddable":true,"href":"http:\/\/souverainete-suisse.ch\/de\/wp-json\/wp\/v2\/users\/2"}],"replies":[{"embeddable":true,"href":"http:\/\/souverainete-suisse.ch\/de\/wp-json\/wp\/v2\/comments?post=1049"}],"version-history":[{"count":1,"href":"http:\/\/souverainete-suisse.ch\/de\/wp-json\/wp\/v2\/posts\/1049\/revisions"}],"predecessor-version":[{"id":1051,"href":"http:\/\/souverainete-suisse.ch\/de\/wp-json\/wp\/v2\/posts\/1049\/revisions\/1051"}],"wp:featuredmedia":[{"embeddable":true,"href":"http:\/\/souverainete-suisse.ch\/de\/wp-json\/wp\/v2\/media\/1050"}],"wp:attachment":[{"href":"http:\/\/souverainete-suisse.ch\/de\/wp-json\/wp\/v2\/media?parent=1049"}],"wp:term":[{"taxonomy":"category","embeddable":true,"href":"http:\/\/souverainete-suisse.ch\/de\/wp-json\/wp\/v2\/categories?post=1049"},{"taxonomy":"post_tag","embeddable":true,"href":"http:\/\/souverainete-suisse.ch\/de\/wp-json\/wp\/v2\/tags?post=1049"}],"curies":[{"name":"wp","href":"https:\/\/api.w.org\/{rel}","templated":true}]}}