{"id":1046,"date":"2026-04-17T14:41:25","date_gmt":"2026-04-17T12:41:25","guid":{"rendered":"https:\/\/souverainete-suisse.ch\/?p=1046"},"modified":"2026-04-17T14:41:25","modified_gmt":"2026-04-17T12:41:25","slug":"schweizer-ue-wenn-offizielle-informationen-zu-einer-tendenziosen-erzahlung-werden","status":"publish","type":"post","link":"http:\/\/souverainete-suisse.ch\/de\/2026\/04\/schweizer-ue-wenn-offizielle-informationen-zu-einer-tendenziosen-erzahlung-werden\/","title":{"rendered":"Schweiz\u2013EU: Wenn offizielle Informationen zu einer einseitigen Erz\u00e4hlung werden"},"content":{"rendered":"<p>Sie sprechen von Transparenz, aber verschweigen das Wesentliche. Der Bundesrat beruft sich auf das Staatsinteresse, w\u00e4hrend er unangenehmen Fragen geschickt ausweicht. Hinter gut produzierten Videos und beruhigenden Reden zeichnet sich eine andere Realit\u00e4t ab: die eines Paket von Abkommen, das dem Volk pr\u00e4sentiert wird, ohne dass alle Karten auf dem Tisch liegen. Und wenn es dieses Mal nicht um das geht, was Ihnen gezeigt wird... sondern um das, was der Bundesrat zu sagen vermeidet?<\/p>\n<p id=\"ember518\" class=\"ember-view reader-text-block__paragraph\">Der am 10. April 2026 in der Neuen Z\u00fcrcher Zeitung ver\u00f6ffentlichte Artikel beleuchtet ein Kernproblem in der Debatte um die Schweizer EU-Abkommen: die zunehmend verschwimmende Grenze zwischen institutioneller Information und politischer Kommunikation.<\/p>\n<h3 id=\"ember519\" class=\"ember-view reader-text-block__heading-3\">Eine einseitige offizielle Kommunikation<\/h3>\n<p id=\"ember520\" class=\"ember-view reader-text-block__paragraph\">Laut der NZZ stellen die Erkl\u00e4rvideos des Bundesrats die Abkommen fast ausschliesslich unter einem positiven Licht dar und betonen dabei konsensf\u00e4hige Begriffe wie Sicherheit, Wohlstand und wissenschaftliche Zusammenarbeit, w\u00e4hrend Reibungspunkte sorgf\u00e4ltig vermieden werden.<\/p>\n<p id=\"ember521\" class=\"ember-view reader-text-block__paragraph\">Diese Erkenntnis wirft eine grundlegende demokratische Frage auf:<\/p>\n<p id=\"ember522\" class=\"ember-view reader-text-block__paragraph\">Kann man noch von einer \u2019Erkl\u00e4rung\u00ab sprechen, wenn strukturelle Nachteile fehlen?<\/p>\n<p id=\"ember523\" class=\"ember-view reader-text-block__paragraph\">Wie der Artikel stillschweigend daran erinnert, muss in einer direkten Demokratie wie der Schweiz die Information <strong>vollst\u00e4ndig, treu und verst\u00e4ndlich<\/strong>. Hier scheint die Kommunikation eher von einem narrativen Rahmen als von einer ausgewogenen Darstellung zu handeln.<\/p>\n<h3 id=\"ember524\" class=\"ember-view reader-text-block__heading-3\">Die riskante Wette, die B\u00fcrger zu untersch\u00e4tzen<\/h3>\n<p id=\"ember525\" class=\"ember-view reader-text-block__paragraph\">Eine Schl\u00fcsselpassage unterstreicht, dass die Regierung \u00abdie Intelligenz der \u00d6ffentlichkeit untersch\u00e4tzen k\u00f6nnte\u00bb. Dieser Hinweis ist alles andere als nebens\u00e4chlich.<\/p>\n<p id=\"ember526\" class=\"ember-view reader-text-block__paragraph\">Die Schweiz beruht auf einem stillschweigenden, aber wesentlichen Prinzip:<\/p>\n<p id=\"ember527\" class=\"ember-view reader-text-block__paragraph\"><strong>Der B\u00fcrger ist souver\u00e4n, weil er informiert ist.<\/strong><\/p>\n<p id=\"ember528\" class=\"ember-view reader-text-block__paragraph\">Dies kn\u00fcpft an eine bereits vom Schweizer Bundesgericht ge\u00e4usserte Logik an:<\/p>\n<blockquote id=\"ember529\" class=\"ember-view reader-text-block__blockquote\"><p>\u00abDie freie Bildung des Volkswillens setzt eine getreue und vollst\u00e4ndige Information voraus.\u00bb<\/p><\/blockquote>\n<p id=\"ember530\" class=\"ember-view reader-text-block__paragraph\">Wenn diese Bedingung nicht mehr erf\u00fcllt ist, ist der gesamte Abstimmungsmechanismus geschw\u00e4cht.<\/p>\n<h3 id=\"ember531\" class=\"ember-view reader-text-block__heading-3\">Die bewusst vermiedenen toten Winkel<\/h3>\n<p id=\"ember532\" class=\"ember-view reader-text-block__paragraph\">Der Artikel weist auf mehrere wesentliche Auslassungen hin:<\/p>\n<ul>\n<li><strong>Dynamische Anwendung des europ\u00e4ischen Rechts<\/strong> ein technischer, aber entscheidender Begriff, der eine nahezu automatische \u00dcbernahme des EU-Rechts beinhaltet<\/li>\n<li><strong>Die Rolle des Gerichtshofs der Europ\u00e4ischen Union (EuGH)<\/strong> in der Auslegung von Vereinbarungen<\/li>\n<li><strong>Ursprung von Spannungen bei der Forschung<\/strong> insbesondere der Ausschluss der Schweiz vom Programm Horizon Europe nach dem Scheitern des Rahmenabkommens<\/li>\n<\/ul>\n<p id=\"ember534\" class=\"ember-view reader-text-block__paragraph\">Diese Elemente sind nicht zweitrangig. Sie betreffen unmittelbar die rechtliche und politische Souver\u00e4nit\u00e4t.<\/p>\n<p id=\"ember535\" class=\"ember-view reader-text-block__paragraph\">Wie bereits der deutsche Jurist Carl Schmitt betonte:<\/p>\n<blockquote id=\"ember536\" class=\"ember-view reader-text-block__blockquote\"><p>\u00ab Souver\u00e4n ist, wer \u00fcber den Ausnahmezustand entscheidet. \u00bb<\/p><\/blockquote>\n<p id=\"ember537\" class=\"ember-view reader-text-block__paragraph\">Oder, in einem System, in dem eine externe Instanz (wie der EuGH) zum ultimativen Schiedsrichter wird, stellt sich die Frage, <strong>Wer entscheidet wirklich<\/strong> wird zentral.<\/p>\n<h3 id=\"ember538\" class=\"ember-view reader-text-block__heading-3\">Eine von der Bev\u00f6lkerung wahrgenommene Asymmetrie<\/h3>\n<p id=\"ember539\" class=\"ember-view reader-text-block__paragraph\">Der Artikel merkt einen besonders interessanten Punkt an:<\/p>\n<p id=\"ember540\" class=\"ember-view reader-text-block__paragraph\">Auch wenn die B\u00fcrger nicht alle technischen Details beherrschen, sp\u00fcren sie intuitiv ein Ungleichgewicht.<\/p>\n<p id=\"ember541\" class=\"ember-view reader-text-block__paragraph\">Diese Intuition beruht auf mehreren Realit\u00e4ten:<\/p>\n<ul>\n<li>Die EU handelt als integrierter politischer und rechtlicher Block<\/li>\n<li>Die Schweiz verhandelt allein, ohne gleichwertigen Hebel<\/li>\n<li>Die Sanktionen (wie bei der Forschung) zeigen ein asymmetrisches Kr\u00e4fteverh\u00e4ltnis<\/li>\n<\/ul>\n<p id=\"ember543\" class=\"ember-view reader-text-block__paragraph\">Das kn\u00fcpft an eine Beobachtung von Jean Monnet an:<\/p>\n<blockquote id=\"ember544\" class=\"ember-view reader-text-block__blockquote\"><p>\u00abEuropa wird aus Krisen entstehen.\u00bb<\/p><\/blockquote>\n<p id=\"ember545\" class=\"ember-view reader-text-block__paragraph\">Anders ausgedr\u00fcckt, Druck ist ein integraler Bestandteil des Integrationsprozesses \u2013 was der Artikel indirekt nahelegt.<\/p>\n<h3 id=\"ember546\" class=\"ember-view reader-text-block__heading-3\">Eine kontraproduktive Kommunikationsstrategie<\/h3>\n<p id=\"ember547\" class=\"ember-view reader-text-block__paragraph\">Indem der Bundesrat versucht, die Debatte zu gl\u00e4tten, geht er ein gro\u00dfes politisches Risiko ein:<\/p>\n<p id=\"ember548\" class=\"ember-view reader-text-block__paragraph\">\u2b95 <strong>Misstrauen st\u00e4rken anstatt es abbauen<\/strong><\/p>\n<p id=\"ember549\" class=\"ember-view reader-text-block__paragraph\">Der Artikel betont \u00fcbrigens, dass dieser Ansatz paradoxerweise den Gegnern, insbesondere der Schweizerischen Volkspartei (SVP), dienen k\u00f6nnte, indem er ihnen ein ideales Terrain bietet: das des Zweifels und des Mangels an Transparenz.<\/p>\n<p id=\"ember550\" class=\"ember-view reader-text-block__paragraph\">In einem Land, in dem die B\u00fcrger regelm\u00e4\u00dfig w\u00e4hlen, wirkt jeder Eindruck der Zur\u00fcckhaltung von Informationen als Katalysator f\u00fcr Misstrauen.<\/p>\n<h3 id=\"ember551\" class=\"ember-view reader-text-block__heading-3\">Fazit \u2014 Eine Demokratie sch\u00fctzt sich nicht durch Unterlassungen<\/h3>\n<p id=\"ember552\" class=\"ember-view reader-text-block__paragraph\">Was dieser Artikel \u00fcber den konkreten Fall der Schweiz-EU-Abkommen hinaus offenbart, ist tiefergehend:<\/p>\n<p id=\"ember553\" class=\"ember-view reader-text-block__paragraph\">\u2b95 <strong>Eine direkte Demokratie kann nur funktionieren, wenn der Staat bereit ist, auch das zu pr\u00e4sentieren, was st\u00f6rt.<\/strong><\/p>\n<p id=\"ember554\" class=\"ember-view reader-text-block__paragraph\">Den Versuch, durch extreme Vereinfachung oder Ausblendung sensibler Fragen zu \u00fcberzeugen, ist keine neutrale Strategie \u2013 es ist ein institutionelles Risiko.<\/p>\n<p id=\"ember555\" class=\"ember-view reader-text-block__paragraph\">Denn in der Schweiz ist das Volk kein Publikum, das man verf\u00fchren muss.<\/p>\n<p id=\"ember556\" class=\"ember-view reader-text-block__paragraph\">Er ist ein souver\u00e4ner Herrscher, den man respektieren muss.<\/p>\n<p id=\"ember557\" class=\"ember-view reader-text-block__paragraph\">Und ein schlecht informierter Herrscher entscheidet nicht frei.<\/p>","protected":false},"excerpt":{"rendered":"<p>Ils parlent de transparence, mais taisent l\u2019essentiel. Le Conseil f\u00e9d\u00e9ral invoque l\u2019int\u00e9r\u00eat du pays, tout en \u00e9vitant soigneusement les questions qui d\u00e9rangent. Derri\u00e8re des vid\u00e9os bien produites et des discours rassurants, une autre r\u00e9alit\u00e9 se dessine : celle d\u2019un paquet d\u2019accords pr\u00e9sent\u00e9 au peuple sans que toutes les cartes soient pos\u00e9es sur la table. Et [&hellip;]<\/p>\n","protected":false},"author":2,"featured_media":1047,"comment_status":"closed","ping_status":"closed","sticky":false,"template":"","format":"standard","meta":{"footnotes":""},"categories":[8,11],"tags":[],"class_list":["post-1046","post","type-post","status-publish","format-standard","has-post-thumbnail","hentry","category-politique-interieure","category-ue"],"yoast_head":"<!-- This site is optimized with the Yoast SEO plugin v26.9 - https:\/\/yoast.com\/product\/yoast-seo-wordpress\/ -->\n<title>Suisse\u2013UE : quand l\u2019information officielle devient un r\u00e9cit orient\u00e9 - Mouvement Souverainet\u00e9 Suisse<\/title>\n<meta name=\"description\" content=\"Accords Suisse\u2013UE : la communication du Conseil f\u00e9d\u00e9ral est-elle biais\u00e9e ? Selon la NZZ, les vid\u00e9os officielles occultent des enjeux cl\u00e9s comme la reprise du droit europ\u00e9en, le r\u00f4le de la CJUE et les rapports de force, soulevant un risque pour la transparence et la d\u00e9mocratie directe.\" \/>\n<meta name=\"robots\" content=\"index, follow, max-snippet:-1, max-image-preview:large, max-video-preview:-1\" \/>\n<link rel=\"canonical\" href=\"https:\/\/souverainete-suisse.ch\/de\/2026\/04\/schweizer-ue-wenn-offizielle-informationen-zu-einer-tendenziosen-erzahlung-werden\/\" \/>\n<meta property=\"og:locale\" content=\"de_DE\" \/>\n<meta property=\"og:type\" content=\"article\" \/>\n<meta property=\"og:title\" content=\"Suisse\u2013UE : quand l\u2019information officielle devient un r\u00e9cit orient\u00e9 - Mouvement Souverainet\u00e9 Suisse\" \/>\n<meta property=\"og:description\" content=\"Accords Suisse\u2013UE : la communication du Conseil f\u00e9d\u00e9ral est-elle biais\u00e9e ? Selon la NZZ, les vid\u00e9os officielles occultent des enjeux cl\u00e9s comme la reprise du droit europ\u00e9en, le r\u00f4le de la CJUE et les rapports de force, soulevant un risque pour la transparence et la d\u00e9mocratie directe.\" \/>\n<meta property=\"og:url\" content=\"https:\/\/souverainete-suisse.ch\/de\/2026\/04\/schweizer-ue-wenn-offizielle-informationen-zu-einer-tendenziosen-erzahlung-werden\/\" \/>\n<meta property=\"og:site_name\" content=\"Mouvement Souverainet\u00e9 Suisse\" \/>\n<meta property=\"article:published_time\" content=\"2026-04-17T12:41:25+00:00\" \/>\n<meta property=\"og:image\" content=\"https:\/\/souverainete-suisse.ch\/wp-content\/uploads\/2026\/04\/CF.jpg\" \/>\n\t<meta property=\"og:image:width\" content=\"1536\" \/>\n\t<meta property=\"og:image:height\" content=\"1024\" \/>\n\t<meta property=\"og:image:type\" content=\"image\/jpeg\" \/>\n<meta name=\"author\" content=\"ludom\" \/>\n<meta name=\"twitter:card\" content=\"summary_large_image\" \/>\n<meta name=\"twitter:label1\" content=\"Verfasst von\" \/>\n\t<meta name=\"twitter:data1\" content=\"ludom\" \/>\n\t<meta name=\"twitter:label2\" content=\"Gesch\u00e4tzte Lesezeit\" \/>\n\t<meta name=\"twitter:data2\" content=\"4\u00a0Minuten\" \/>\n<script type=\"application\/ld+json\" class=\"yoast-schema-graph\">{\"@context\":\"https:\/\/schema.org\",\"@graph\":[{\"@type\":\"Article\",\"@id\":\"https:\/\/souverainete-suisse.ch\/2026\/04\/suisse-ue-quand-linformation-officielle-devient-un-recit-oriente\/#article\",\"isPartOf\":{\"@id\":\"https:\/\/souverainete-suisse.ch\/2026\/04\/suisse-ue-quand-linformation-officielle-devient-un-recit-oriente\/\"},\"author\":{\"name\":\"ludom\",\"@id\":\"https:\/\/souverainete-suisse.ch\/#\/schema\/person\/b25acb547faec24a94d7215216d68cbf\"},\"headline\":\"Suisse\u2013UE : quand l\u2019information officielle devient un r\u00e9cit orient\u00e9\",\"datePublished\":\"2026-04-17T12:41:25+00:00\",\"mainEntityOfPage\":{\"@id\":\"https:\/\/souverainete-suisse.ch\/2026\/04\/suisse-ue-quand-linformation-officielle-devient-un-recit-oriente\/\"},\"wordCount\":797,\"publisher\":{\"@id\":\"https:\/\/souverainete-suisse.ch\/#organization\"},\"image\":{\"@id\":\"https:\/\/souverainete-suisse.ch\/2026\/04\/suisse-ue-quand-linformation-officielle-devient-un-recit-oriente\/#primaryimage\"},\"thumbnailUrl\":\"https:\/\/souverainete-suisse.ch\/wp-content\/uploads\/2026\/04\/CF.jpg\",\"articleSection\":[\"Politique int\u00e9rieure\",\"UE\"],\"inLanguage\":\"de\"},{\"@type\":\"WebPage\",\"@id\":\"https:\/\/souverainete-suisse.ch\/2026\/04\/suisse-ue-quand-linformation-officielle-devient-un-recit-oriente\/\",\"url\":\"https:\/\/souverainete-suisse.ch\/2026\/04\/suisse-ue-quand-linformation-officielle-devient-un-recit-oriente\/\",\"name\":\"Suisse\u2013UE : quand l\u2019information officielle devient un r\u00e9cit orient\u00e9 - Mouvement Souverainet\u00e9 Suisse\",\"isPartOf\":{\"@id\":\"https:\/\/souverainete-suisse.ch\/#website\"},\"primaryImageOfPage\":{\"@id\":\"https:\/\/souverainete-suisse.ch\/2026\/04\/suisse-ue-quand-linformation-officielle-devient-un-recit-oriente\/#primaryimage\"},\"image\":{\"@id\":\"https:\/\/souverainete-suisse.ch\/2026\/04\/suisse-ue-quand-linformation-officielle-devient-un-recit-oriente\/#primaryimage\"},\"thumbnailUrl\":\"https:\/\/souverainete-suisse.ch\/wp-content\/uploads\/2026\/04\/CF.jpg\",\"datePublished\":\"2026-04-17T12:41:25+00:00\",\"description\":\"Accords Suisse\u2013UE : la communication du Conseil f\u00e9d\u00e9ral est-elle biais\u00e9e ? Selon la NZZ, les vid\u00e9os officielles occultent des enjeux cl\u00e9s comme la reprise du droit europ\u00e9en, le r\u00f4le de la CJUE et les rapports de force, soulevant un risque pour la transparence et la d\u00e9mocratie directe.\",\"breadcrumb\":{\"@id\":\"https:\/\/souverainete-suisse.ch\/2026\/04\/suisse-ue-quand-linformation-officielle-devient-un-recit-oriente\/#breadcrumb\"},\"inLanguage\":\"de\",\"potentialAction\":[{\"@type\":\"ReadAction\",\"target\":[\"https:\/\/souverainete-suisse.ch\/2026\/04\/suisse-ue-quand-linformation-officielle-devient-un-recit-oriente\/\"]}]},{\"@type\":\"ImageObject\",\"inLanguage\":\"de\",\"@id\":\"https:\/\/souverainete-suisse.ch\/2026\/04\/suisse-ue-quand-linformation-officielle-devient-un-recit-oriente\/#primaryimage\",\"url\":\"https:\/\/souverainete-suisse.ch\/wp-content\/uploads\/2026\/04\/CF.jpg\",\"contentUrl\":\"https:\/\/souverainete-suisse.ch\/wp-content\/uploads\/2026\/04\/CF.jpg\",\"width\":1536,\"height\":1024},{\"@type\":\"BreadcrumbList\",\"@id\":\"https:\/\/souverainete-suisse.ch\/2026\/04\/suisse-ue-quand-linformation-officielle-devient-un-recit-oriente\/#breadcrumb\",\"itemListElement\":[{\"@type\":\"ListItem\",\"position\":1,\"name\":\"Accueil\",\"item\":\"https:\/\/souverainete-suisse.ch\/\"},{\"@type\":\"ListItem\",\"position\":2,\"name\":\"Suisse\u2013UE : quand l\u2019information officielle devient un r\u00e9cit orient\u00e9\"}]},{\"@type\":\"WebSite\",\"@id\":\"https:\/\/souverainete-suisse.ch\/#website\",\"url\":\"https:\/\/souverainete-suisse.ch\/\",\"name\":\"Mouvement Souverainet\u00e9 Suisse\",\"description\":\"\",\"publisher\":{\"@id\":\"https:\/\/souverainete-suisse.ch\/#organization\"},\"potentialAction\":[{\"@type\":\"SearchAction\",\"target\":{\"@type\":\"EntryPoint\",\"urlTemplate\":\"https:\/\/souverainete-suisse.ch\/?s={search_term_string}\"},\"query-input\":{\"@type\":\"PropertyValueSpecification\",\"valueRequired\":true,\"valueName\":\"search_term_string\"}}],\"inLanguage\":\"de\"},{\"@type\":\"Organization\",\"@id\":\"https:\/\/souverainete-suisse.ch\/#organization\",\"name\":\"Mouvement Souverainet\u00e9 Suisse\",\"url\":\"https:\/\/souverainete-suisse.ch\/\",\"logo\":{\"@type\":\"ImageObject\",\"inLanguage\":\"de\",\"@id\":\"https:\/\/souverainete-suisse.ch\/#\/schema\/logo\/image\/\",\"url\":\"https:\/\/souverainete-suisse.ch\/wp-content\/uploads\/2025\/11\/logo.png\",\"contentUrl\":\"https:\/\/souverainete-suisse.ch\/wp-content\/uploads\/2025\/11\/logo.png\",\"width\":2053,\"height\":1461,\"caption\":\"Mouvement Souverainet\u00e9 Suisse\"},\"image\":{\"@id\":\"https:\/\/souverainete-suisse.ch\/#\/schema\/logo\/image\/\"}},{\"@type\":\"Person\",\"@id\":\"https:\/\/souverainete-suisse.ch\/#\/schema\/person\/b25acb547faec24a94d7215216d68cbf\",\"name\":\"ludom\",\"image\":{\"@type\":\"ImageObject\",\"inLanguage\":\"de\",\"@id\":\"https:\/\/souverainete-suisse.ch\/#\/schema\/person\/image\/\",\"url\":\"https:\/\/secure.gravatar.com\/avatar\/77b40fd8e49e537abcea7487b290688ce92143c3443b1d3f419149c67282ffb4?s=96&d=mm&r=g\",\"contentUrl\":\"https:\/\/secure.gravatar.com\/avatar\/77b40fd8e49e537abcea7487b290688ce92143c3443b1d3f419149c67282ffb4?s=96&d=mm&r=g\",\"caption\":\"ludom\"},\"url\":\"http:\/\/souverainete-suisse.ch\/de\/author\/ludom\/\"}]}<\/script>\n<!-- \/ Yoast SEO plugin. -->","yoast_head_json":{"title":"Schweiz\u2013EU: Wenn offizielle Informationen zu einer einseitigen Darstellung werden - Schweizer Souver\u00e4nit\u00e4tsbewegung","description":"Schweiz-EU-Abkommen: Ist die Kommunikation des Bundesrates voreingenommen? Laut der NZZ verschweigen offizielle Videos wichtige Themen wie die \u00dcbernahme des EU-Rechts, die Rolle des EuGH und die Machtverh\u00e4ltnisse und bergen damit ein Risiko f\u00fcr Transparenz und direkte Demokratie.","robots":{"index":"index","follow":"follow","max-snippet":"max-snippet:-1","max-image-preview":"max-image-preview:large","max-video-preview":"max-video-preview:-1"},"canonical":"https:\/\/souverainete-suisse.ch\/de\/2026\/04\/schweizer-ue-wenn-offizielle-informationen-zu-einer-tendenziosen-erzahlung-werden\/","og_locale":"de_DE","og_type":"article","og_title":"Suisse\u2013UE : quand l\u2019information officielle devient un r\u00e9cit orient\u00e9 - Mouvement Souverainet\u00e9 Suisse","og_description":"Accords Suisse\u2013UE : la communication du Conseil f\u00e9d\u00e9ral est-elle biais\u00e9e ? Selon la NZZ, les vid\u00e9os officielles occultent des enjeux cl\u00e9s comme la reprise du droit europ\u00e9en, le r\u00f4le de la CJUE et les rapports de force, soulevant un risque pour la transparence et la d\u00e9mocratie directe.","og_url":"https:\/\/souverainete-suisse.ch\/de\/2026\/04\/schweizer-ue-wenn-offizielle-informationen-zu-einer-tendenziosen-erzahlung-werden\/","og_site_name":"Mouvement Souverainet\u00e9 Suisse","article_published_time":"2026-04-17T12:41:25+00:00","og_image":[{"width":1536,"height":1024,"url":"https:\/\/souverainete-suisse.ch\/wp-content\/uploads\/2026\/04\/CF.jpg","type":"image\/jpeg"}],"author":"ludom","twitter_card":"summary_large_image","twitter_misc":{"Verfasst von":"ludom","Gesch\u00e4tzte Lesezeit":"4\u00a0Minuten"},"schema":{"@context":"https:\/\/schema.org","@graph":[{"@type":"Article","@id":"https:\/\/souverainete-suisse.ch\/2026\/04\/suisse-ue-quand-linformation-officielle-devient-un-recit-oriente\/#article","isPartOf":{"@id":"https:\/\/souverainete-suisse.ch\/2026\/04\/suisse-ue-quand-linformation-officielle-devient-un-recit-oriente\/"},"author":{"name":"ludom","@id":"https:\/\/souverainete-suisse.ch\/#\/schema\/person\/b25acb547faec24a94d7215216d68cbf"},"headline":"Suisse\u2013UE : quand l\u2019information officielle devient un r\u00e9cit orient\u00e9","datePublished":"2026-04-17T12:41:25+00:00","mainEntityOfPage":{"@id":"https:\/\/souverainete-suisse.ch\/2026\/04\/suisse-ue-quand-linformation-officielle-devient-un-recit-oriente\/"},"wordCount":797,"publisher":{"@id":"https:\/\/souverainete-suisse.ch\/#organization"},"image":{"@id":"https:\/\/souverainete-suisse.ch\/2026\/04\/suisse-ue-quand-linformation-officielle-devient-un-recit-oriente\/#primaryimage"},"thumbnailUrl":"https:\/\/souverainete-suisse.ch\/wp-content\/uploads\/2026\/04\/CF.jpg","articleSection":["Politique int\u00e9rieure","UE"],"inLanguage":"de"},{"@type":"WebPage","@id":"https:\/\/souverainete-suisse.ch\/2026\/04\/suisse-ue-quand-linformation-officielle-devient-un-recit-oriente\/","url":"https:\/\/souverainete-suisse.ch\/2026\/04\/suisse-ue-quand-linformation-officielle-devient-un-recit-oriente\/","name":"Schweiz\u2013EU: Wenn offizielle Informationen zu einer einseitigen Darstellung werden - Schweizer Souver\u00e4nit\u00e4tsbewegung","isPartOf":{"@id":"https:\/\/souverainete-suisse.ch\/#website"},"primaryImageOfPage":{"@id":"https:\/\/souverainete-suisse.ch\/2026\/04\/suisse-ue-quand-linformation-officielle-devient-un-recit-oriente\/#primaryimage"},"image":{"@id":"https:\/\/souverainete-suisse.ch\/2026\/04\/suisse-ue-quand-linformation-officielle-devient-un-recit-oriente\/#primaryimage"},"thumbnailUrl":"https:\/\/souverainete-suisse.ch\/wp-content\/uploads\/2026\/04\/CF.jpg","datePublished":"2026-04-17T12:41:25+00:00","description":"Schweiz-EU-Abkommen: Ist die Kommunikation des Bundesrates voreingenommen? Laut der NZZ verschweigen offizielle Videos wichtige Themen wie die \u00dcbernahme des EU-Rechts, die Rolle des EuGH und die Machtverh\u00e4ltnisse und bergen damit ein Risiko f\u00fcr Transparenz und direkte Demokratie.","breadcrumb":{"@id":"https:\/\/souverainete-suisse.ch\/2026\/04\/suisse-ue-quand-linformation-officielle-devient-un-recit-oriente\/#breadcrumb"},"inLanguage":"de","potentialAction":[{"@type":"ReadAction","target":["https:\/\/souverainete-suisse.ch\/2026\/04\/suisse-ue-quand-linformation-officielle-devient-un-recit-oriente\/"]}]},{"@type":"ImageObject","inLanguage":"de","@id":"https:\/\/souverainete-suisse.ch\/2026\/04\/suisse-ue-quand-linformation-officielle-devient-un-recit-oriente\/#primaryimage","url":"https:\/\/souverainete-suisse.ch\/wp-content\/uploads\/2026\/04\/CF.jpg","contentUrl":"https:\/\/souverainete-suisse.ch\/wp-content\/uploads\/2026\/04\/CF.jpg","width":1536,"height":1024},{"@type":"BreadcrumbList","@id":"https:\/\/souverainete-suisse.ch\/2026\/04\/suisse-ue-quand-linformation-officielle-devient-un-recit-oriente\/#breadcrumb","itemListElement":[{"@type":"ListItem","position":1,"name":"Accueil","item":"https:\/\/souverainete-suisse.ch\/"},{"@type":"ListItem","position":2,"name":"Suisse\u2013UE : quand l\u2019information officielle devient un r\u00e9cit orient\u00e9"}]},{"@type":"WebSite","@id":"https:\/\/souverainete-suisse.ch\/#website","url":"https:\/\/souverainete-suisse.ch\/","name":"Bewegung Souver\u00e4ne Schweiz","description":"","publisher":{"@id":"https:\/\/souverainete-suisse.ch\/#organization"},"potentialAction":[{"@type":"SearchAction","target":{"@type":"EntryPoint","urlTemplate":"https:\/\/souverainete-suisse.ch\/?s={search_term_string}"},"query-input":{"@type":"PropertyValueSpecification","valueRequired":true,"valueName":"search_term_string"}}],"inLanguage":"de"},{"@type":"Organization","@id":"https:\/\/souverainete-suisse.ch\/#organization","name":"Bewegung Souver\u00e4ne Schweiz","url":"https:\/\/souverainete-suisse.ch\/","logo":{"@type":"ImageObject","inLanguage":"de","@id":"https:\/\/souverainete-suisse.ch\/#\/schema\/logo\/image\/","url":"https:\/\/souverainete-suisse.ch\/wp-content\/uploads\/2025\/11\/logo.png","contentUrl":"https:\/\/souverainete-suisse.ch\/wp-content\/uploads\/2025\/11\/logo.png","width":2053,"height":1461,"caption":"Mouvement Souverainet\u00e9 Suisse"},"image":{"@id":"https:\/\/souverainete-suisse.ch\/#\/schema\/logo\/image\/"}},{"@type":"Person","@id":"https:\/\/souverainete-suisse.ch\/#\/schema\/person\/b25acb547faec24a94d7215216d68cbf","name":"ludom","image":{"@type":"ImageObject","inLanguage":"de","@id":"https:\/\/souverainete-suisse.ch\/#\/schema\/person\/image\/","url":"https:\/\/secure.gravatar.com\/avatar\/77b40fd8e49e537abcea7487b290688ce92143c3443b1d3f419149c67282ffb4?s=96&d=mm&r=g","contentUrl":"https:\/\/secure.gravatar.com\/avatar\/77b40fd8e49e537abcea7487b290688ce92143c3443b1d3f419149c67282ffb4?s=96&d=mm&r=g","caption":"ludom"},"url":"http:\/\/souverainete-suisse.ch\/de\/author\/ludom\/"}]}},"_links":{"self":[{"href":"http:\/\/souverainete-suisse.ch\/de\/wp-json\/wp\/v2\/posts\/1046","targetHints":{"allow":["GET"]}}],"collection":[{"href":"http:\/\/souverainete-suisse.ch\/de\/wp-json\/wp\/v2\/posts"}],"about":[{"href":"http:\/\/souverainete-suisse.ch\/de\/wp-json\/wp\/v2\/types\/post"}],"author":[{"embeddable":true,"href":"http:\/\/souverainete-suisse.ch\/de\/wp-json\/wp\/v2\/users\/2"}],"replies":[{"embeddable":true,"href":"http:\/\/souverainete-suisse.ch\/de\/wp-json\/wp\/v2\/comments?post=1046"}],"version-history":[{"count":1,"href":"http:\/\/souverainete-suisse.ch\/de\/wp-json\/wp\/v2\/posts\/1046\/revisions"}],"predecessor-version":[{"id":1048,"href":"http:\/\/souverainete-suisse.ch\/de\/wp-json\/wp\/v2\/posts\/1046\/revisions\/1048"}],"wp:featuredmedia":[{"embeddable":true,"href":"http:\/\/souverainete-suisse.ch\/de\/wp-json\/wp\/v2\/media\/1047"}],"wp:attachment":[{"href":"http:\/\/souverainete-suisse.ch\/de\/wp-json\/wp\/v2\/media?parent=1046"}],"wp:term":[{"taxonomy":"category","embeddable":true,"href":"http:\/\/souverainete-suisse.ch\/de\/wp-json\/wp\/v2\/categories?post=1046"},{"taxonomy":"post_tag","embeddable":true,"href":"http:\/\/souverainete-suisse.ch\/de\/wp-json\/wp\/v2\/tags?post=1046"}],"curies":[{"name":"wp","href":"https:\/\/api.w.org\/{rel}","templated":true}]}}