{"id":1043,"date":"2026-04-17T14:38:57","date_gmt":"2026-04-17T12:38:57","guid":{"rendered":"https:\/\/souverainete-suisse.ch\/?p=1043"},"modified":"2026-04-17T14:38:57","modified_gmt":"2026-04-17T12:38:57","slug":"lacheln-im-schaufenster-souveranitat-im-ausverkauf-der-wahre-preis-des-kleinen-europaischen-menus","status":"publish","type":"post","link":"http:\/\/souverainete-suisse.ch\/de\/2026\/04\/lacheln-im-schaufenster-souveranitat-im-ausverkauf-der-wahre-preis-des-kleinen-europaischen-menus\/","title":{"rendered":"L\u00e4cheln im Schaufenster, Souver\u00e4nit\u00e4t im Abverkauf: Der wahre Preis des europ\u00e4ischen \u201cKleinen Men\u00fcs\u201d"},"content":{"rendered":"<p>Hinter dem L\u00e4cheln und den wohlformulierten Slogans steckt immer dasselbe Rezept: weniger Souver\u00e4nit\u00e4t, mehr Abh\u00e4ngigkeit. Man verkauft Ihnen heute einen \u00abkleinen Preis\u00bb, aber die wirkliche Rechnung \u2013 die wird mit Kaufkraftverlust, erzwungenen Normen und Entscheidungen, die dem Volk entgleiten, bezahlt.<\/p>\n<p>Der Stand ist verlockend, die Rede beruhigend, aber die Speisekarte ist verzerrt: ein einseitiger Kompromiss, eine \u00d6ffnung ohne Gegenseitigkeit und Desinformation als Beilage.<\/p>\n<p>Durch das Servieren der hei\u00dfen \u00abUnterwerfung\u00bb hoffen einige, dass die B\u00fcrger nicht mehr sehen werden, was wirklich auf dem Teller liegt. Aber in der Schweiz setzt sich der Geschmack des Wahren immer gegen den Geschmack des Kompromisses durch.<\/p>","protected":false},"excerpt":{"rendered":"<p>Derri\u00e8re le sourire et les slogans bien huil\u00e9s, la recette est toujours la m\u00eame : moins de souverainet\u00e9, plus de d\u00e9pendance. On vous vend un \u00ab petit prix \u00bb aujourd\u2019hui, mais la facture r\u00e9elle \u2014 elle \u2014 se paie en perte de pouvoir d\u2019achat, en normes impos\u00e9es et en d\u00e9cisions qui \u00e9chappent au peuple. Le [&hellip;]<\/p>\n","protected":false},"author":2,"featured_media":1044,"comment_status":"closed","ping_status":"closed","sticky":false,"template":"","format":"standard","meta":{"footnotes":""},"categories":[8,11],"tags":[],"class_list":["post-1043","post","type-post","status-publish","format-standard","has-post-thumbnail","hentry","category-politique-interieure","category-ue"],"yoast_head":"<!-- This site is optimized with the Yoast SEO plugin v26.9 - https:\/\/yoast.com\/product\/yoast-seo-wordpress\/ -->\n<title>Sourires en vitrine, souverainet\u00e9 en solde : le vrai prix du \u201cpetit menu\u201d europ\u00e9en - Mouvement Souverainet\u00e9 Suisse<\/title>\n<meta name=\"description\" content=\"Souverainet\u00e9 suisse, accords UE, d\u00e9pendance \u00e9conomique : derri\u00e8re les slogans rassurants, un mod\u00e8le qui affaiblit le pouvoir d\u2019achat, impose des normes et \u00e9loigne les d\u00e9cisions du peuple.\" \/>\n<meta name=\"robots\" content=\"index, follow, max-snippet:-1, max-image-preview:large, max-video-preview:-1\" \/>\n<link rel=\"canonical\" href=\"https:\/\/souverainete-suisse.ch\/de\/2026\/04\/lacheln-im-schaufenster-souveranitat-im-ausverkauf-der-wahre-preis-des-kleinen-europaischen-menus\/\" \/>\n<meta property=\"og:locale\" content=\"de_DE\" \/>\n<meta property=\"og:type\" content=\"article\" \/>\n<meta property=\"og:title\" content=\"Sourires en vitrine, souverainet\u00e9 en solde : le vrai prix du \u201cpetit menu\u201d europ\u00e9en - Mouvement Souverainet\u00e9 Suisse\" \/>\n<meta property=\"og:description\" content=\"Souverainet\u00e9 suisse, accords UE, d\u00e9pendance \u00e9conomique : derri\u00e8re les slogans rassurants, un mod\u00e8le qui affaiblit le pouvoir d\u2019achat, impose des normes et \u00e9loigne les d\u00e9cisions du peuple.\" \/>\n<meta property=\"og:url\" content=\"https:\/\/souverainete-suisse.ch\/de\/2026\/04\/lacheln-im-schaufenster-souveranitat-im-ausverkauf-der-wahre-preis-des-kleinen-europaischen-menus\/\" \/>\n<meta property=\"og:site_name\" content=\"Mouvement Souverainet\u00e9 Suisse\" \/>\n<meta property=\"article:published_time\" content=\"2026-04-17T12:38:57+00:00\" \/>\n<meta property=\"og:image\" content=\"https:\/\/souverainete-suisse.ch\/wp-content\/uploads\/2026\/04\/economiesuisse2.jpg\" \/>\n\t<meta property=\"og:image:width\" content=\"1536\" \/>\n\t<meta property=\"og:image:height\" content=\"1024\" \/>\n\t<meta property=\"og:image:type\" content=\"image\/jpeg\" \/>\n<meta name=\"author\" content=\"ludom\" \/>\n<meta name=\"twitter:card\" content=\"summary_large_image\" \/>\n<meta name=\"twitter:label1\" content=\"Verfasst von\" \/>\n\t<meta name=\"twitter:data1\" content=\"ludom\" \/>\n\t<meta name=\"twitter:label2\" content=\"Gesch\u00e4tzte Lesezeit\" \/>\n\t<meta name=\"twitter:data2\" content=\"1\u00a0Minute\" \/>\n<script type=\"application\/ld+json\" class=\"yoast-schema-graph\">{\"@context\":\"https:\/\/schema.org\",\"@graph\":[{\"@type\":\"Article\",\"@id\":\"https:\/\/souverainete-suisse.ch\/2026\/04\/sourires-en-vitrine-souverainete-en-solde-le-vrai-prix-du-petit-menu-europeen\/#article\",\"isPartOf\":{\"@id\":\"https:\/\/souverainete-suisse.ch\/2026\/04\/sourires-en-vitrine-souverainete-en-solde-le-vrai-prix-du-petit-menu-europeen\/\"},\"author\":{\"name\":\"ludom\",\"@id\":\"https:\/\/souverainete-suisse.ch\/#\/schema\/person\/b25acb547faec24a94d7215216d68cbf\"},\"headline\":\"Sourires en vitrine, souverainet\u00e9 en solde : le vrai prix du \u201cpetit menu\u201d europ\u00e9en\",\"datePublished\":\"2026-04-17T12:38:57+00:00\",\"mainEntityOfPage\":{\"@id\":\"https:\/\/souverainete-suisse.ch\/2026\/04\/sourires-en-vitrine-souverainete-en-solde-le-vrai-prix-du-petit-menu-europeen\/\"},\"wordCount\":141,\"publisher\":{\"@id\":\"https:\/\/souverainete-suisse.ch\/#organization\"},\"image\":{\"@id\":\"https:\/\/souverainete-suisse.ch\/2026\/04\/sourires-en-vitrine-souverainete-en-solde-le-vrai-prix-du-petit-menu-europeen\/#primaryimage\"},\"thumbnailUrl\":\"https:\/\/souverainete-suisse.ch\/wp-content\/uploads\/2026\/04\/economiesuisse2.jpg\",\"articleSection\":[\"Politique int\u00e9rieure\",\"UE\"],\"inLanguage\":\"de\"},{\"@type\":\"WebPage\",\"@id\":\"https:\/\/souverainete-suisse.ch\/2026\/04\/sourires-en-vitrine-souverainete-en-solde-le-vrai-prix-du-petit-menu-europeen\/\",\"url\":\"https:\/\/souverainete-suisse.ch\/2026\/04\/sourires-en-vitrine-souverainete-en-solde-le-vrai-prix-du-petit-menu-europeen\/\",\"name\":\"Sourires en vitrine, souverainet\u00e9 en solde : le vrai prix du \u201cpetit menu\u201d europ\u00e9en - Mouvement Souverainet\u00e9 Suisse\",\"isPartOf\":{\"@id\":\"https:\/\/souverainete-suisse.ch\/#website\"},\"primaryImageOfPage\":{\"@id\":\"https:\/\/souverainete-suisse.ch\/2026\/04\/sourires-en-vitrine-souverainete-en-solde-le-vrai-prix-du-petit-menu-europeen\/#primaryimage\"},\"image\":{\"@id\":\"https:\/\/souverainete-suisse.ch\/2026\/04\/sourires-en-vitrine-souverainete-en-solde-le-vrai-prix-du-petit-menu-europeen\/#primaryimage\"},\"thumbnailUrl\":\"https:\/\/souverainete-suisse.ch\/wp-content\/uploads\/2026\/04\/economiesuisse2.jpg\",\"datePublished\":\"2026-04-17T12:38:57+00:00\",\"description\":\"Souverainet\u00e9 suisse, accords UE, d\u00e9pendance \u00e9conomique : derri\u00e8re les slogans rassurants, un mod\u00e8le qui affaiblit le pouvoir d\u2019achat, impose des normes et \u00e9loigne les d\u00e9cisions du peuple.\",\"breadcrumb\":{\"@id\":\"https:\/\/souverainete-suisse.ch\/2026\/04\/sourires-en-vitrine-souverainete-en-solde-le-vrai-prix-du-petit-menu-europeen\/#breadcrumb\"},\"inLanguage\":\"de\",\"potentialAction\":[{\"@type\":\"ReadAction\",\"target\":[\"https:\/\/souverainete-suisse.ch\/2026\/04\/sourires-en-vitrine-souverainete-en-solde-le-vrai-prix-du-petit-menu-europeen\/\"]}]},{\"@type\":\"ImageObject\",\"inLanguage\":\"de\",\"@id\":\"https:\/\/souverainete-suisse.ch\/2026\/04\/sourires-en-vitrine-souverainete-en-solde-le-vrai-prix-du-petit-menu-europeen\/#primaryimage\",\"url\":\"https:\/\/souverainete-suisse.ch\/wp-content\/uploads\/2026\/04\/economiesuisse2.jpg\",\"contentUrl\":\"https:\/\/souverainete-suisse.ch\/wp-content\/uploads\/2026\/04\/economiesuisse2.jpg\",\"width\":1536,\"height\":1024},{\"@type\":\"BreadcrumbList\",\"@id\":\"https:\/\/souverainete-suisse.ch\/2026\/04\/sourires-en-vitrine-souverainete-en-solde-le-vrai-prix-du-petit-menu-europeen\/#breadcrumb\",\"itemListElement\":[{\"@type\":\"ListItem\",\"position\":1,\"name\":\"Accueil\",\"item\":\"https:\/\/souverainete-suisse.ch\/\"},{\"@type\":\"ListItem\",\"position\":2,\"name\":\"Sourires en vitrine, souverainet\u00e9 en solde : le vrai prix du \u201cpetit menu\u201d europ\u00e9en\"}]},{\"@type\":\"WebSite\",\"@id\":\"https:\/\/souverainete-suisse.ch\/#website\",\"url\":\"https:\/\/souverainete-suisse.ch\/\",\"name\":\"Mouvement Souverainet\u00e9 Suisse\",\"description\":\"\",\"publisher\":{\"@id\":\"https:\/\/souverainete-suisse.ch\/#organization\"},\"potentialAction\":[{\"@type\":\"SearchAction\",\"target\":{\"@type\":\"EntryPoint\",\"urlTemplate\":\"https:\/\/souverainete-suisse.ch\/?s={search_term_string}\"},\"query-input\":{\"@type\":\"PropertyValueSpecification\",\"valueRequired\":true,\"valueName\":\"search_term_string\"}}],\"inLanguage\":\"de\"},{\"@type\":\"Organization\",\"@id\":\"https:\/\/souverainete-suisse.ch\/#organization\",\"name\":\"Mouvement Souverainet\u00e9 Suisse\",\"url\":\"https:\/\/souverainete-suisse.ch\/\",\"logo\":{\"@type\":\"ImageObject\",\"inLanguage\":\"de\",\"@id\":\"https:\/\/souverainete-suisse.ch\/#\/schema\/logo\/image\/\",\"url\":\"https:\/\/souverainete-suisse.ch\/wp-content\/uploads\/2025\/11\/logo.png\",\"contentUrl\":\"https:\/\/souverainete-suisse.ch\/wp-content\/uploads\/2025\/11\/logo.png\",\"width\":2053,\"height\":1461,\"caption\":\"Mouvement Souverainet\u00e9 Suisse\"},\"image\":{\"@id\":\"https:\/\/souverainete-suisse.ch\/#\/schema\/logo\/image\/\"}},{\"@type\":\"Person\",\"@id\":\"https:\/\/souverainete-suisse.ch\/#\/schema\/person\/b25acb547faec24a94d7215216d68cbf\",\"name\":\"ludom\",\"image\":{\"@type\":\"ImageObject\",\"inLanguage\":\"de\",\"@id\":\"https:\/\/souverainete-suisse.ch\/#\/schema\/person\/image\/\",\"url\":\"https:\/\/secure.gravatar.com\/avatar\/77b40fd8e49e537abcea7487b290688ce92143c3443b1d3f419149c67282ffb4?s=96&d=mm&r=g\",\"contentUrl\":\"https:\/\/secure.gravatar.com\/avatar\/77b40fd8e49e537abcea7487b290688ce92143c3443b1d3f419149c67282ffb4?s=96&d=mm&r=g\",\"caption\":\"ludom\"},\"url\":\"http:\/\/souverainete-suisse.ch\/de\/author\/ludom\/\"}]}<\/script>\n<!-- \/ Yoast SEO plugin. -->","yoast_head_json":{"title":"L\u00e4cheln im Schaufenster, Souver\u00e4nit\u00e4t im Ausverkauf: Der wahre Preis des europ\u00e4ischen \u201cKleinen Men\u00fcs\u201d \u2013 Schweizer Souver\u00e4nit\u00e4tsbewegung","description":"Schweizer Souver\u00e4nit\u00e4t, EU-Abkommen, wirtschaftliche Abh\u00e4ngigkeit: Hinter beruhigenden Slogans verbirgt sich ein Modell, das die Kaufkraft schw\u00e4cht, Standards aufzwingt und Entscheidungen vom Volk entfernt.","robots":{"index":"index","follow":"follow","max-snippet":"max-snippet:-1","max-image-preview":"max-image-preview:large","max-video-preview":"max-video-preview:-1"},"canonical":"https:\/\/souverainete-suisse.ch\/de\/2026\/04\/lacheln-im-schaufenster-souveranitat-im-ausverkauf-der-wahre-preis-des-kleinen-europaischen-menus\/","og_locale":"de_DE","og_type":"article","og_title":"Sourires en vitrine, souverainet\u00e9 en solde : le vrai prix du \u201cpetit menu\u201d europ\u00e9en - Mouvement Souverainet\u00e9 Suisse","og_description":"Souverainet\u00e9 suisse, accords UE, d\u00e9pendance \u00e9conomique : derri\u00e8re les slogans rassurants, un mod\u00e8le qui affaiblit le pouvoir d\u2019achat, impose des normes et \u00e9loigne les d\u00e9cisions du peuple.","og_url":"https:\/\/souverainete-suisse.ch\/de\/2026\/04\/lacheln-im-schaufenster-souveranitat-im-ausverkauf-der-wahre-preis-des-kleinen-europaischen-menus\/","og_site_name":"Mouvement Souverainet\u00e9 Suisse","article_published_time":"2026-04-17T12:38:57+00:00","og_image":[{"width":1536,"height":1024,"url":"https:\/\/souverainete-suisse.ch\/wp-content\/uploads\/2026\/04\/economiesuisse2.jpg","type":"image\/jpeg"}],"author":"ludom","twitter_card":"summary_large_image","twitter_misc":{"Verfasst von":"ludom","Gesch\u00e4tzte Lesezeit":"1\u00a0Minute"},"schema":{"@context":"https:\/\/schema.org","@graph":[{"@type":"Article","@id":"https:\/\/souverainete-suisse.ch\/2026\/04\/sourires-en-vitrine-souverainete-en-solde-le-vrai-prix-du-petit-menu-europeen\/#article","isPartOf":{"@id":"https:\/\/souverainete-suisse.ch\/2026\/04\/sourires-en-vitrine-souverainete-en-solde-le-vrai-prix-du-petit-menu-europeen\/"},"author":{"name":"ludom","@id":"https:\/\/souverainete-suisse.ch\/#\/schema\/person\/b25acb547faec24a94d7215216d68cbf"},"headline":"Sourires en vitrine, souverainet\u00e9 en solde : le vrai prix du \u201cpetit menu\u201d europ\u00e9en","datePublished":"2026-04-17T12:38:57+00:00","mainEntityOfPage":{"@id":"https:\/\/souverainete-suisse.ch\/2026\/04\/sourires-en-vitrine-souverainete-en-solde-le-vrai-prix-du-petit-menu-europeen\/"},"wordCount":141,"publisher":{"@id":"https:\/\/souverainete-suisse.ch\/#organization"},"image":{"@id":"https:\/\/souverainete-suisse.ch\/2026\/04\/sourires-en-vitrine-souverainete-en-solde-le-vrai-prix-du-petit-menu-europeen\/#primaryimage"},"thumbnailUrl":"https:\/\/souverainete-suisse.ch\/wp-content\/uploads\/2026\/04\/economiesuisse2.jpg","articleSection":["Politique int\u00e9rieure","UE"],"inLanguage":"de"},{"@type":"WebPage","@id":"https:\/\/souverainete-suisse.ch\/2026\/04\/sourires-en-vitrine-souverainete-en-solde-le-vrai-prix-du-petit-menu-europeen\/","url":"https:\/\/souverainete-suisse.ch\/2026\/04\/sourires-en-vitrine-souverainete-en-solde-le-vrai-prix-du-petit-menu-europeen\/","name":"L\u00e4cheln im Schaufenster, Souver\u00e4nit\u00e4t im Ausverkauf: Der wahre Preis des europ\u00e4ischen \u201cKleinen Men\u00fcs\u201d \u2013 Schweizer Souver\u00e4nit\u00e4tsbewegung","isPartOf":{"@id":"https:\/\/souverainete-suisse.ch\/#website"},"primaryImageOfPage":{"@id":"https:\/\/souverainete-suisse.ch\/2026\/04\/sourires-en-vitrine-souverainete-en-solde-le-vrai-prix-du-petit-menu-europeen\/#primaryimage"},"image":{"@id":"https:\/\/souverainete-suisse.ch\/2026\/04\/sourires-en-vitrine-souverainete-en-solde-le-vrai-prix-du-petit-menu-europeen\/#primaryimage"},"thumbnailUrl":"https:\/\/souverainete-suisse.ch\/wp-content\/uploads\/2026\/04\/economiesuisse2.jpg","datePublished":"2026-04-17T12:38:57+00:00","description":"Schweizer Souver\u00e4nit\u00e4t, EU-Abkommen, wirtschaftliche Abh\u00e4ngigkeit: Hinter beruhigenden Slogans verbirgt sich ein Modell, das die Kaufkraft schw\u00e4cht, Standards aufzwingt und Entscheidungen vom Volk entfernt.","breadcrumb":{"@id":"https:\/\/souverainete-suisse.ch\/2026\/04\/sourires-en-vitrine-souverainete-en-solde-le-vrai-prix-du-petit-menu-europeen\/#breadcrumb"},"inLanguage":"de","potentialAction":[{"@type":"ReadAction","target":["https:\/\/souverainete-suisse.ch\/2026\/04\/sourires-en-vitrine-souverainete-en-solde-le-vrai-prix-du-petit-menu-europeen\/"]}]},{"@type":"ImageObject","inLanguage":"de","@id":"https:\/\/souverainete-suisse.ch\/2026\/04\/sourires-en-vitrine-souverainete-en-solde-le-vrai-prix-du-petit-menu-europeen\/#primaryimage","url":"https:\/\/souverainete-suisse.ch\/wp-content\/uploads\/2026\/04\/economiesuisse2.jpg","contentUrl":"https:\/\/souverainete-suisse.ch\/wp-content\/uploads\/2026\/04\/economiesuisse2.jpg","width":1536,"height":1024},{"@type":"BreadcrumbList","@id":"https:\/\/souverainete-suisse.ch\/2026\/04\/sourires-en-vitrine-souverainete-en-solde-le-vrai-prix-du-petit-menu-europeen\/#breadcrumb","itemListElement":[{"@type":"ListItem","position":1,"name":"Accueil","item":"https:\/\/souverainete-suisse.ch\/"},{"@type":"ListItem","position":2,"name":"Sourires en vitrine, souverainet\u00e9 en solde : le vrai prix du \u201cpetit menu\u201d europ\u00e9en"}]},{"@type":"WebSite","@id":"https:\/\/souverainete-suisse.ch\/#website","url":"https:\/\/souverainete-suisse.ch\/","name":"Bewegung Souver\u00e4ne Schweiz","description":"","publisher":{"@id":"https:\/\/souverainete-suisse.ch\/#organization"},"potentialAction":[{"@type":"SearchAction","target":{"@type":"EntryPoint","urlTemplate":"https:\/\/souverainete-suisse.ch\/?s={search_term_string}"},"query-input":{"@type":"PropertyValueSpecification","valueRequired":true,"valueName":"search_term_string"}}],"inLanguage":"de"},{"@type":"Organization","@id":"https:\/\/souverainete-suisse.ch\/#organization","name":"Bewegung Souver\u00e4ne Schweiz","url":"https:\/\/souverainete-suisse.ch\/","logo":{"@type":"ImageObject","inLanguage":"de","@id":"https:\/\/souverainete-suisse.ch\/#\/schema\/logo\/image\/","url":"https:\/\/souverainete-suisse.ch\/wp-content\/uploads\/2025\/11\/logo.png","contentUrl":"https:\/\/souverainete-suisse.ch\/wp-content\/uploads\/2025\/11\/logo.png","width":2053,"height":1461,"caption":"Mouvement Souverainet\u00e9 Suisse"},"image":{"@id":"https:\/\/souverainete-suisse.ch\/#\/schema\/logo\/image\/"}},{"@type":"Person","@id":"https:\/\/souverainete-suisse.ch\/#\/schema\/person\/b25acb547faec24a94d7215216d68cbf","name":"ludom","image":{"@type":"ImageObject","inLanguage":"de","@id":"https:\/\/souverainete-suisse.ch\/#\/schema\/person\/image\/","url":"https:\/\/secure.gravatar.com\/avatar\/77b40fd8e49e537abcea7487b290688ce92143c3443b1d3f419149c67282ffb4?s=96&d=mm&r=g","contentUrl":"https:\/\/secure.gravatar.com\/avatar\/77b40fd8e49e537abcea7487b290688ce92143c3443b1d3f419149c67282ffb4?s=96&d=mm&r=g","caption":"ludom"},"url":"http:\/\/souverainete-suisse.ch\/de\/author\/ludom\/"}]}},"_links":{"self":[{"href":"http:\/\/souverainete-suisse.ch\/de\/wp-json\/wp\/v2\/posts\/1043","targetHints":{"allow":["GET"]}}],"collection":[{"href":"http:\/\/souverainete-suisse.ch\/de\/wp-json\/wp\/v2\/posts"}],"about":[{"href":"http:\/\/souverainete-suisse.ch\/de\/wp-json\/wp\/v2\/types\/post"}],"author":[{"embeddable":true,"href":"http:\/\/souverainete-suisse.ch\/de\/wp-json\/wp\/v2\/users\/2"}],"replies":[{"embeddable":true,"href":"http:\/\/souverainete-suisse.ch\/de\/wp-json\/wp\/v2\/comments?post=1043"}],"version-history":[{"count":1,"href":"http:\/\/souverainete-suisse.ch\/de\/wp-json\/wp\/v2\/posts\/1043\/revisions"}],"predecessor-version":[{"id":1045,"href":"http:\/\/souverainete-suisse.ch\/de\/wp-json\/wp\/v2\/posts\/1043\/revisions\/1045"}],"wp:featuredmedia":[{"embeddable":true,"href":"http:\/\/souverainete-suisse.ch\/de\/wp-json\/wp\/v2\/media\/1044"}],"wp:attachment":[{"href":"http:\/\/souverainete-suisse.ch\/de\/wp-json\/wp\/v2\/media?parent=1043"}],"wp:term":[{"taxonomy":"category","embeddable":true,"href":"http:\/\/souverainete-suisse.ch\/de\/wp-json\/wp\/v2\/categories?post=1043"},{"taxonomy":"post_tag","embeddable":true,"href":"http:\/\/souverainete-suisse.ch\/de\/wp-json\/wp\/v2\/tags?post=1043"}],"curies":[{"name":"wp","href":"https:\/\/api.w.org\/{rel}","templated":true}]}}